{"id":1071,"date":"2019-05-10T18:51:24","date_gmt":"2019-05-10T16:51:24","guid":{"rendered":"http:\/\/gruene-nks.de\/?p=1071"},"modified":"2020-11-29T11:41:52","modified_gmt":"2020-11-29T10:41:52","slug":"fruehlingsfest-5-5-2019","status":"publish","type":"post","link":"https:\/\/gruene-nks.de\/index.php\/2019\/05\/10\/fruehlingsfest-5-5-2019\/","title":{"rendered":"Fr\u00fchlingsfest am 5.5.2019"},"content":{"rendered":"\r\n<p>Obwohl das Fr\u00fchlingsfest in diesem Jahr einigen Wetterlaunen ausgesetzt war, erschienen die Besucher*innen von Jung bis Alt zahlreich und lie\u00dfen sich trotz Regenschauern und Wolkenbr\u00fcchen von den verschiedenen Angeboten der Aussteller*innen, Dienstleister*innen und Ladenbesitzer *innen inspirieren.<\/p>\r\n\r\n\r\n\r\n<p>Dieses Jahr standen wir nicht am Rathaus, sondern begr\u00fc\u00dften die G\u00e4ste des Fr\u00fchlingsfestes direkt am Anfang der Hauptstra\u00dfe mit unserem gewohnt freundlichen, frischen und bunten GR\u00dcNEN Infostand.<\/p>\r\n\r\n\r\n\r\n<p>Zusammen mit der GR\u00dcNEN JUGEND aus D\u00fcsseldorf, die uns wieder tatkr\u00e4ftig, mit vollem Einsatz und Spa\u00df unterst\u00fctzte, zogen wir die Blicke auf uns und setzten uns auch dieses Jahr wieder visuell von den anderen politisch vertretenden Parteist\u00e4nden ab.<\/p>\r\n\r\n\r\n\r\n<p>Im Mittelpunkt der Gespr\u00e4che stand die Europawahl am 26 Mai 2019. Neben wichtigen Themen wie Klimaschutz, umweltfreundlicher Verkehr, nachhaltiger Landwirtschaft und dem aktuellen Wahlprogramm freuten wir uns nat\u00fcrlich vor allem dar\u00fcber, direkt mit Ihnen pers\u00f6nlich \u00fcber unseren Beitrag als GR\u00dcNE vor Ort und Ihre Anregungen zu sprechen sowie Ihre Fragen zu beantworten.<\/p>\r\n\r\n\r\n\r\n<p>Wir bedanken uns bei allen Besucher*innen f\u00fcr die tollen und interessanten politischen Gespr\u00e4che.<\/p>\r\n\r\n\r\n\r\n<p>&nbsp;<\/p>\r\n","protected":false},"excerpt":{"rendered":"<p>Obwohl das Fr\u00fchlingsfest in diesem Jahr einigen Wetterlaunen ausgesetzt war, erschienen die Besucher*innen von Jung bis Alt zahlreich und lie\u00dfen sich trotz Regenschauern und Wolkenbr\u00fcchen von den verschiedenen Angeboten der [&hellip;]<\/p>\n","protected":false},"author":-1,"featured_media":1072,"comment_status":"closed","ping_status":"closed","sticky":false,"template":"","format":"standard","meta":{"footnotes":""},"categories":[88],"tags":[5,4,6,7],"class_list":["post-1071","post","type-post","status-publish","format-standard","has-post-thumbnail","hentry","category-ov","tag-europawahl","tag-fruehlingsfest","tag-gruene-jugend","tag-neunkirchen-seelscheid"],"_links":{"self":[{"href":"https:\/\/gruene-nks.de\/index.php\/wp-json\/wp\/v2\/posts\/1071","targetHints":{"allow":["GET"]}}],"collection":[{"href":"https:\/\/gruene-nks.de\/index.php\/wp-json\/wp\/v2\/posts"}],"about":[{"href":"https:\/\/gruene-nks.de\/index.php\/wp-json\/wp\/v2\/types\/post"}],"author":[{"embeddable":true,"href":"https:\/\/gruene-nks.de\/index.php\/wp-json\/wp\/v2\/users\/1"}],"replies":[{"embeddable":true,"href":"https:\/\/gruene-nks.de\/index.php\/wp-json\/wp\/v2\/comments?post=1071"}],"version-history":[{"count":7,"href":"https:\/\/gruene-nks.de\/index.php\/wp-json\/wp\/v2\/posts\/1071\/revisions"}],"predecessor-version":[{"id":2079,"href":"https:\/\/gruene-nks.de\/index.php\/wp-json\/wp\/v2\/posts\/1071\/revisions\/2079"}],"wp:featuredmedia":[{"embeddable":true,"href":"https:\/\/gruene-nks.de\/index.php\/wp-json\/wp\/v2\/media\/1072"}],"wp:attachment":[{"href":"https:\/\/gruene-nks.de\/index.php\/wp-json\/wp\/v2\/media?parent=1071"}],"wp:term":[{"taxonomy":"category","embeddable":true,"href":"https:\/\/gruene-nks.de\/index.php\/wp-json\/wp\/v2\/categories?post=1071"},{"taxonomy":"post_tag","embeddable":true,"href":"https:\/\/gruene-nks.de\/index.php\/wp-json\/wp\/v2\/tags?post=1071"}],"curies":[{"name":"wp","href":"https:\/\/api.w.org\/{rel}","templated":true}]}}