{"id":1087,"date":"2019-05-16T15:38:24","date_gmt":"2019-05-16T13:38:24","guid":{"rendered":"http:\/\/gruene-nks.de\/?p=1087"},"modified":"2020-11-29T11:41:20","modified_gmt":"2020-11-29T10:41:20","slug":"fuer-europa-deine-stimme-gegen-nationalismus","status":"publish","type":"post","link":"https:\/\/gruene-nks.de\/index.php\/2019\/05\/16\/fuer-europa-deine-stimme-gegen-nationalismus\/","title":{"rendered":"F\u00fcr Europa: Deine Stimme gegen Nationalismus!"},"content":{"rendered":"\r\n<h3 class=\"wp-block-heading\">Sonntag, 19. Mai 2019 &#8211; Gro\u00dfdemo in K\u00f6ln<\/h3>\r\n\r\n\r\n\r\n<p>Die Europawahl am 26. Mai 2019 ist eine Richtungsentscheidung \u00fcber die Zukunft der Europ\u00e4ischen Union. Nationalisten und Rechtsextreme wollen mit ihr das Ende der EU einl\u00e4uten und Nationalismus wieder gro\u00df schreiben. Ihr Ziel: Mit weit mehr Abgeordneten als bisher ins Europaparlament einzuziehen.<\/p>\r\n\r\n\r\n\r\n<p>Wir halten dagegen, wenn Menschenverachtung und Rassismus gesellschaftsf\u00e4hig gemacht, Hass und Ressentiments gegen Fl\u00fcchtlinge und Minderheiten gesch\u00fcrt werden. Wir lassen nicht zu, wenn Rechtsstaat und unabh\u00e4ngige Gerichte angegriffen, Menschen- und Freiheitsrechte eingeschr\u00e4nkt und das Asylrecht abgeschafft werden sollen.<\/p>\r\n\r\n\r\n\r\n<p>Gemeinsam sagen wir: Die EU muss sich \u00e4ndern, wenn sie eine Zukunft haben will. <br \/>Wir streiten gemeinsam f\u00fcr unsere Vision eines anderen Europas und werden deshalb mit gro\u00dfer GR\u00dcNEN Pr\u00e4senz bei der Demo dabei sein. In K\u00f6ln beginnen wir am 19. Mai um 11 Uhr mit unserem\u00a0Sternmarsch\u00a0von 4 verschiedenen Orten: Roncalliplatz, Rudolfplatz, Kalk Kapelle, Chlodwigplatz (Ubierring). Dort laufen wir gegen 11:30 Uhr los, um gegen 12:30 bei der Auftaktkundgebung auf der Deutzer Werft einzutreffen. Auf der Deutzer Werft beginnt das Vorprogramm um 12 Uhr.<\/p>\r\n\r\n\r\n\r\n<p>Wir freuen uns \u00fcber jeden, der ebenfalls an der Demo teilnimmt und appellieren an alle B\u00fcrger*innen Europas: Geht am 26. Mai w\u00e4hlen \u2013 tretet ein gegen Nationalismus und Rassismus: F\u00fcr ein demokratisches, friedliches und solidarisches Europa!<\/p>\r\n\r\n\r\n\r\n<p>Denn wir alle sind gefragt, den Vormarsch der Nationalisten zu verhindern!<\/p>\r\n\r\n\r\n\r\n<p>Quelle: <a href=\"https:\/\/www.ein-europa-fuer-alle.de\/aufruf\">https:\/\/www.ein-europa-fuer-alle.de\/aufruf<\/a><\/p>\r\n","protected":false},"excerpt":{"rendered":"<p>Sonntag, 19. Mai 2019 &#8211; Gro\u00dfdemo in K\u00f6ln Die Europawahl am 26. Mai 2019 ist eine Richtungsentscheidung \u00fcber die Zukunft der Europ\u00e4ischen Union. Nationalisten und Rechtsextreme wollen mit ihr das [&hellip;]<\/p>\n","protected":false},"author":-1,"featured_media":1088,"comment_status":"closed","ping_status":"closed","sticky":false,"template":"","format":"standard","meta":{"footnotes":""},"categories":[88],"tags":[8,5],"class_list":["post-1087","post","type-post","status-publish","format-standard","has-post-thumbnail","hentry","category-ov","tag-demo","tag-europawahl"],"_links":{"self":[{"href":"https:\/\/gruene-nks.de\/index.php\/wp-json\/wp\/v2\/posts\/1087","targetHints":{"allow":["GET"]}}],"collection":[{"href":"https:\/\/gruene-nks.de\/index.php\/wp-json\/wp\/v2\/posts"}],"about":[{"href":"https:\/\/gruene-nks.de\/index.php\/wp-json\/wp\/v2\/types\/post"}],"author":[{"embeddable":true,"href":"https:\/\/gruene-nks.de\/index.php\/wp-json\/wp\/v2\/users\/1"}],"replies":[{"embeddable":true,"href":"https:\/\/gruene-nks.de\/index.php\/wp-json\/wp\/v2\/comments?post=1087"}],"version-history":[{"count":2,"href":"https:\/\/gruene-nks.de\/index.php\/wp-json\/wp\/v2\/posts\/1087\/revisions"}],"predecessor-version":[{"id":2077,"href":"https:\/\/gruene-nks.de\/index.php\/wp-json\/wp\/v2\/posts\/1087\/revisions\/2077"}],"wp:featuredmedia":[{"embeddable":true,"href":"https:\/\/gruene-nks.de\/index.php\/wp-json\/wp\/v2\/media\/1088"}],"wp:attachment":[{"href":"https:\/\/gruene-nks.de\/index.php\/wp-json\/wp\/v2\/media?parent=1087"}],"wp:term":[{"taxonomy":"category","embeddable":true,"href":"https:\/\/gruene-nks.de\/index.php\/wp-json\/wp\/v2\/categories?post=1087"},{"taxonomy":"post_tag","embeddable":true,"href":"https:\/\/gruene-nks.de\/index.php\/wp-json\/wp\/v2\/tags?post=1087"}],"curies":[{"name":"wp","href":"https:\/\/api.w.org\/{rel}","templated":true}]}}