{"id":1117,"date":"2019-06-04T21:06:40","date_gmt":"2019-06-04T19:06:40","guid":{"rendered":"http:\/\/gruene-nks.de\/?p=1117"},"modified":"2020-11-29T11:41:10","modified_gmt":"2020-11-29T10:41:10","slug":"grossdemo-in-koeln-ein-bunter-und-europaeischer-tag","status":"publish","type":"post","link":"https:\/\/gruene-nks.de\/index.php\/2019\/06\/04\/grossdemo-in-koeln-ein-bunter-und-europaeischer-tag\/","title":{"rendered":"Gro\u00dfdemo in K\u00f6ln &#8211; Ein bunter und europ\u00e4ischer Tag"},"content":{"rendered":"\r\n<p>Am Sonntag, den 19.05.2019 zwischen 12 und 18 Uhr fand unter dem Motto: \u201eEin Europa f\u00fcr Alle \u2013 Deine Stimme gegen Nationalismus\u201c eine europaweite Gro\u00dfdemo gegen Nationalismus und Rassismus statt. \u00a0Zu dieser hatten mehr als 70 Organisationen und Verb\u00e4nde als B\u00fcndnis zur Teilnahme mit anschlie\u00dfender Kundgebung aufgerufen.<\/p>\r\n\r\n\r\n\r\n<p>Hunderttausende Menschen nahmen in \u00fcber 50 europ\u00e4ischen St\u00e4dten daran teil und demonstrierten zusammen F\u00dcR ein Europa, Demokratie und soziale Gerechtigkeit und GEGEN Menschenfeindlichkeit, Rassismus, Hass und Vorurteile gegen\u00fcber Fl\u00fcchtlingen und Minderheiten.<\/p>\r\n\r\n\r\n\r\n<p>In Deutschland setzten sich \u00fcber 150.000 B\u00fcrgerinnen und B\u00fcrger ein. Davon gingen laut Veranstalter nirgendwo so viele Menschen auf die Demo wie in K\u00f6ln &#8211; allein 45.000 Menschen von jung bis alt nahmen teil und kamen mit proeurop\u00e4ischen Schildern und Flaggen.<\/p>\r\n\r\n\r\n\r\n<p>Wer nicht direkt zur Deutzer Werft ging, der hatte die M\u00f6glichkeit, sich mit vielen anderen Demonstranten an vier verschiedenen Pl\u00e4tzen in K\u00f6ln zu treffen, um von dort aus gemeinsam in einem organisierten Sternmarsch zur Kundgebung an der Deutzer Werft zu gehen.<\/p>\r\n\r\n\r\n\r\n<p>Dort gab es eine riesen B\u00fchnenprogramm und ein Gro\u00dfaufgebot an Rednern, K\u00fcnstlern und K\u00f6lschen Bands. Wegen eines Gewitters musste die Demo am Nachmittag leider vorzeitig beendet werden.<\/p>\r\n\r\n\r\n\r\n<p>Wir freuen uns sehr dar\u00fcber, dass so viele B\u00fcrgerinnen und B\u00fcrger dem Aufruf gefolgt sind und an der Demonstration f\u00fcr Europa teilgenommen haben.<\/p>\r\n\r\n\r\n\r\n<p>&nbsp;<\/p>\r\n\r\n\r\n\r\n<p>&nbsp;<\/p>\r\n","protected":false},"excerpt":{"rendered":"<p>Am Sonntag, den 19.05.2019 zwischen 12 und 18 Uhr fand unter dem Motto: \u201eEin Europa f\u00fcr Alle \u2013 Deine Stimme gegen Nationalismus\u201c eine europaweite Gro\u00dfdemo gegen Nationalismus und Rassismus statt. [&hellip;]<\/p>\n","protected":false},"author":-1,"featured_media":1088,"comment_status":"closed","ping_status":"closed","sticky":false,"template":"","format":"standard","meta":{"footnotes":""},"categories":[88],"tags":[16,14,17,15],"class_list":["post-1117","post","type-post","status-publish","format-standard","has-post-thumbnail","hentry","category-ov","tag-europa","tag-grossedemo","tag-koeln","tag-nationalismus"],"_links":{"self":[{"href":"https:\/\/gruene-nks.de\/index.php\/wp-json\/wp\/v2\/posts\/1117","targetHints":{"allow":["GET"]}}],"collection":[{"href":"https:\/\/gruene-nks.de\/index.php\/wp-json\/wp\/v2\/posts"}],"about":[{"href":"https:\/\/gruene-nks.de\/index.php\/wp-json\/wp\/v2\/types\/post"}],"author":[{"embeddable":true,"href":"https:\/\/gruene-nks.de\/index.php\/wp-json\/wp\/v2\/users\/1"}],"replies":[{"embeddable":true,"href":"https:\/\/gruene-nks.de\/index.php\/wp-json\/wp\/v2\/comments?post=1117"}],"version-history":[{"count":2,"href":"https:\/\/gruene-nks.de\/index.php\/wp-json\/wp\/v2\/posts\/1117\/revisions"}],"predecessor-version":[{"id":2075,"href":"https:\/\/gruene-nks.de\/index.php\/wp-json\/wp\/v2\/posts\/1117\/revisions\/2075"}],"wp:featuredmedia":[{"embeddable":true,"href":"https:\/\/gruene-nks.de\/index.php\/wp-json\/wp\/v2\/media\/1088"}],"wp:attachment":[{"href":"https:\/\/gruene-nks.de\/index.php\/wp-json\/wp\/v2\/media?parent=1117"}],"wp:term":[{"taxonomy":"category","embeddable":true,"href":"https:\/\/gruene-nks.de\/index.php\/wp-json\/wp\/v2\/categories?post=1117"},{"taxonomy":"post_tag","embeddable":true,"href":"https:\/\/gruene-nks.de\/index.php\/wp-json\/wp\/v2\/tags?post=1117"}],"curies":[{"name":"wp","href":"https:\/\/api.w.org\/{rel}","templated":true}]}}