{"id":1267,"date":"2019-09-26T14:03:47","date_gmt":"2019-09-26T12:03:47","guid":{"rendered":"http:\/\/gruene-nks.de\/?p=1267"},"modified":"2020-11-29T11:39:46","modified_gmt":"2020-11-29T10:39:46","slug":"wir-fuers-klima","status":"publish","type":"post","link":"https:\/\/gruene-nks.de\/index.php\/2019\/09\/26\/wir-fuers-klima\/","title":{"rendered":"WIR F\u00dcR\u2018S KLIMA!"},"content":{"rendered":"\r\n<div class=\"wp-block-image\">\r\n<figure class=\"aligncenter\"><img loading=\"lazy\" decoding=\"async\" width=\"800\" height=\"450\" class=\"wp-image-1271\" src=\"https:\/\/gruene-nks.de\/wp-content\/uploads\/2019\/09\/20190920___091422-800x450.jpg\" alt=\"\" srcset=\"https:\/\/gruene-nks.de\/wp-content\/uploads\/2019\/09\/20190920___091422-800x450.jpg 800w, https:\/\/gruene-nks.de\/wp-content\/uploads\/2019\/09\/20190920___091422-400x225.jpg 400w, https:\/\/gruene-nks.de\/wp-content\/uploads\/2019\/09\/20190920___091422-768x432.jpg 768w, https:\/\/gruene-nks.de\/wp-content\/uploads\/2019\/09\/20190920___091422-150x84.jpg 150w\" sizes=\"auto, (max-width: 800px) 100vw, 800px\" \/><\/figure>\r\n<\/div>\r\n\r\n\r\n\r\n<p>Auch in Neunkirchen-Seelscheid fand am 20.09.2019 um 9:00 Uhr eine Zusammenkunft \u201eWir f\u00fcr\u2019s Klima\u201c vor unserem Rathaus statt. \u201e<strong>Fridays For Future<\/strong>\u201c fordert die Einhaltung der Ziele des Pariser Abkommens und des 1,5\u00b0C\u2011Ziels. Da die Politik diese kaum wahrnimmt, sehen die Sch\u00fcler*innen sich gezwungen, weiter zu streiken bis gehandelt wird!<\/p>\r\n\r\n\r\n\r\n<p>\u201e<strong>NKS For Future<\/strong>\u201c hatten sehr konkrete Ziele f\u00fcr unsere Gemeinde, die teilweise in dem integrierten Klimaschutzkonzept aus dem Jahr 2016 stehen:<\/p>\r\n\r\n\r\n\r\n<ul class=\"wp-block-list\">\r\n<li>Verst\u00e4rkter Einsatz von LED im Bereich Beleuchtungstechnik (Stra\u00dfenbeleuchtung auf LED umr\u00fcsten)<\/li>\r\n<li>Ausbau Regenerative Energien (Umstellung auf \u00d6kostrom)<\/li>\r\n<li>Nachhaltige klimafreundliche Gemeindeentwicklung (Solaranlagen)<\/li>\r\n<li>Klimafreundliche Umgestaltung des \u00d6PNV (Taktung der Busverbindungen auf 30 Min. erh\u00f6hen)<\/li>\r\n<li>Durchf\u00fchrung von Projekten in Schulen (Aufkl\u00e4rung Umweltschutz)<\/li>\r\n<\/ul>\r\n\r\n\r\n\r\n<p>Folgende Ziele f\u00fcr die Schulen sind einfach und mit niedrigen Kosten zu realisieren:<br \/>Plastikflaschenverbot, Wasserspender, Reduzierung des Papierverbrauchs und aktive M\u00fclltrennung.<\/p>\r\n\r\n\r\n\r\n<p>Erst vor einigen Monaten hat sich \u201e<strong>Parents For Future<\/strong>\u201c gegr\u00fcndet. In der Zwischenzeit ist daraus eine Bewegung mit \u00fcber 150 Ortsgruppen in ganz Deutschland und mit vielen Tausend engagierten Erwachsenen geworden.<\/p>\r\n\r\n\r\n\r\n<p><strong>Wir m\u00fcssen gemeinsam die gro\u00dfen politischen und gesellschaftlichen Ver\u00e4nderungen angehen, die notwendig sind, um die nahende Klimakatastrophe doch noch abzuwenden!<\/strong><\/p>\r\n\r\n\r\n\r\n<p>Ein klimafreundliches Wochenende!<br \/>Tarja Palonen-Hei\u00dfe<br \/>Fraktionsvorsitzende<br \/>B\u00dcNDNIS 90\/DIE GR\u00dcNEN<\/p>\r\n","protected":false},"excerpt":{"rendered":"<p>Auch in Neunkirchen-Seelscheid fand am 20.09.2019 um 9:00 Uhr eine Zusammenkunft \u201eWir f\u00fcr\u2019s Klima\u201c vor unserem Rathaus statt. \u201eFridays For Future\u201c fordert die Einhaltung der Ziele des Pariser Abkommens und [&hellip;]<\/p>\n","protected":false},"author":-1,"featured_media":0,"comment_status":"open","ping_status":"open","sticky":false,"template":"","format":"standard","meta":{"footnotes":""},"categories":[88],"tags":[31,32,7],"class_list":["post-1267","post","type-post","status-publish","format-standard","hentry","category-ov","tag-friday-for-future","tag-klima","tag-neunkirchen-seelscheid"],"_links":{"self":[{"href":"https:\/\/gruene-nks.de\/index.php\/wp-json\/wp\/v2\/posts\/1267","targetHints":{"allow":["GET"]}}],"collection":[{"href":"https:\/\/gruene-nks.de\/index.php\/wp-json\/wp\/v2\/posts"}],"about":[{"href":"https:\/\/gruene-nks.de\/index.php\/wp-json\/wp\/v2\/types\/post"}],"author":[{"embeddable":true,"href":"https:\/\/gruene-nks.de\/index.php\/wp-json\/wp\/v2\/users\/1"}],"replies":[{"embeddable":true,"href":"https:\/\/gruene-nks.de\/index.php\/wp-json\/wp\/v2\/comments?post=1267"}],"version-history":[{"count":5,"href":"https:\/\/gruene-nks.de\/index.php\/wp-json\/wp\/v2\/posts\/1267\/revisions"}],"predecessor-version":[{"id":2065,"href":"https:\/\/gruene-nks.de\/index.php\/wp-json\/wp\/v2\/posts\/1267\/revisions\/2065"}],"wp:attachment":[{"href":"https:\/\/gruene-nks.de\/index.php\/wp-json\/wp\/v2\/media?parent=1267"}],"wp:term":[{"taxonomy":"category","embeddable":true,"href":"https:\/\/gruene-nks.de\/index.php\/wp-json\/wp\/v2\/categories?post=1267"},{"taxonomy":"post_tag","embeddable":true,"href":"https:\/\/gruene-nks.de\/index.php\/wp-json\/wp\/v2\/tags?post=1267"}],"curies":[{"name":"wp","href":"https:\/\/api.w.org\/{rel}","templated":true}]}}