{"id":1278,"date":"2019-10-01T19:43:59","date_gmt":"2019-10-01T17:43:59","guid":{"rendered":"http:\/\/gruene-nks.de\/?p=1278"},"modified":"2020-11-29T11:39:41","modified_gmt":"2020-11-29T10:39:41","slug":"xxl-lidl-und-seniorenheim-am-kreisel","status":"publish","type":"post","link":"https:\/\/gruene-nks.de\/index.php\/2019\/10\/01\/xxl-lidl-und-seniorenheim-am-kreisel\/","title":{"rendered":"XXL-LIDL und Seniorenheim am Kreisel?"},"content":{"rendered":"\r\n<p>In der letzten Gemeinderatssitzung wurde die \u00c4nderung des Fl\u00e4chennutzungsplans und des Bebauungsplans f\u00fcr das LIDL-Grundst\u00fcck beschlossen. Der jetzige LIDL soll abgerissen und fast in doppelter Gr\u00f6\u00dfe an zur\u00fcck gesetzter Stelle neu gebaut werden. Unmittelbar am Kreisel, wo derzeit eine Blumenwiese die Herzen erfreut, soll eine 4-geschossige Senioreneinrichtung entstehen.<\/p>\r\n\r\n\r\n\r\n<p>Wir GR\u00dcNE hatten da erhebliche Bedenken: Warum ben\u00f6tigt der LIDL ohne Ausweitung des Sortiments eine wesentlich gr\u00f6\u00dfere Verkaufsfl\u00e4che?<\/p>\r\n\r\n\r\n\r\n<p>Au\u00dferdem bedeutet der Abriss des erst ca. 10 Jahre alten LIDL- Geb\u00e4udes eine enorme Verschwendung von Ressourcen. Hier fehlte uns jegliche Betrachtung der Nachhaltigkeit. Gemindert wird diese negative Bilanz lediglich durch eine nachhaltigere und Energie sparende Bauweise des Neubaus.<\/p>\r\n\r\n\r\n\r\n<p>Nat\u00fcrlich begr\u00fc\u00dfen wir eine zus\u00e4tzliche Senioreneinrichtung in unserer Kommune. Wir GR\u00dcNE lehnen es jedoch ab, dieses Geb\u00e4ude direkt an der Hauptstra\u00dfe bzw. am Kreisel zu errichten! Das Argument der Verwaltung, dass die \u00e4lteren Mitb\u00fcrger dann doch \u201emitten im Geschehen\u201c seien, k\u00f6nnen wir nicht nachvollziehen: mitten in L\u00e4rm und Gestank w\u00fcrden wir das eher nennen!<\/p>\r\n\r\n\r\n\r\n<p>Wir w\u00fcnschen uns <strong>bezahlbare <\/strong>Seniorenwohnungen an einem sozialvertr\u00e4glichen Standort.<\/p>\r\n\r\n\r\n\r\n<p>Die Positionierung direkt gegen\u00fcber der Tankstelle und an der vielbefahrenen B 507, w\u00fcrde eine unzumutbare Bel\u00e4stigung der Bewohner durch L\u00e4rm- und Abgasemissionen bedeuten.<\/p>\r\n\r\n\r\n\r\n<p>Deshalb haben wir vorgeschlagen, die Positionen der beiden Geb\u00e4ude zu tauschen, sodass das LIDL-Geb\u00e4ude eine gewisse Schallschutzfunktion \u00fcbernehmen w\u00fcrde.<\/p>\r\n\r\n\r\n\r\n<p>Die Reaktionen der anderen Fraktionen hierauf waren teilweise sehr negativ. Im Rat herrscht offenbar die devote Meinung vor, dass wir uns freuen sollten, wenn Investoren bei uns Interesse zeigen und alles dankbar und widerspruchslos hinnehmen m\u00fcssten.<\/p>\r\n\r\n\r\n\r\n<p>Wir sind von den B\u00fcrgern gew\u00e4hlt worden und der Rat entscheidet \u00fcber unsere Gemeindeentwicklung und nicht die Investoren.<\/p>\r\n\r\n\r\n\r\n<p>Genie\u00dfen wir den k\u00fchleren und Regen reicheren Herbst!<\/p>\r\n\r\n\r\n\r\n<p>Tarja Palonen-Hei\u00dfe<\/p>\r\n\r\n\r\n\r\n<p>Fraktionsvorsitzende<\/p>\r\n","protected":false},"excerpt":{"rendered":"<p>In der letzten Gemeinderatssitzung wurde die \u00c4nderung des Fl\u00e4chennutzungsplans und des Bebauungsplans f\u00fcr das LIDL-Grundst\u00fcck beschlossen. Der jetzige LIDL soll abgerissen und fast in doppelter Gr\u00f6\u00dfe an zur\u00fcck gesetzter Stelle [&hellip;]<\/p>\n","protected":false},"author":-1,"featured_media":0,"comment_status":"open","ping_status":"open","sticky":false,"template":"","format":"standard","meta":{"footnotes":""},"categories":[88],"tags":[33,34],"class_list":["post-1278","post","type-post","status-publish","format-standard","hentry","category-ov","tag-lidl","tag-senioren"],"_links":{"self":[{"href":"https:\/\/gruene-nks.de\/index.php\/wp-json\/wp\/v2\/posts\/1278","targetHints":{"allow":["GET"]}}],"collection":[{"href":"https:\/\/gruene-nks.de\/index.php\/wp-json\/wp\/v2\/posts"}],"about":[{"href":"https:\/\/gruene-nks.de\/index.php\/wp-json\/wp\/v2\/types\/post"}],"author":[{"embeddable":true,"href":"https:\/\/gruene-nks.de\/index.php\/wp-json\/wp\/v2\/users\/1"}],"replies":[{"embeddable":true,"href":"https:\/\/gruene-nks.de\/index.php\/wp-json\/wp\/v2\/comments?post=1278"}],"version-history":[{"count":2,"href":"https:\/\/gruene-nks.de\/index.php\/wp-json\/wp\/v2\/posts\/1278\/revisions"}],"predecessor-version":[{"id":2064,"href":"https:\/\/gruene-nks.de\/index.php\/wp-json\/wp\/v2\/posts\/1278\/revisions\/2064"}],"wp:attachment":[{"href":"https:\/\/gruene-nks.de\/index.php\/wp-json\/wp\/v2\/media?parent=1278"}],"wp:term":[{"taxonomy":"category","embeddable":true,"href":"https:\/\/gruene-nks.de\/index.php\/wp-json\/wp\/v2\/categories?post=1278"},{"taxonomy":"post_tag","embeddable":true,"href":"https:\/\/gruene-nks.de\/index.php\/wp-json\/wp\/v2\/tags?post=1278"}],"curies":[{"name":"wp","href":"https:\/\/api.w.org\/{rel}","templated":true}]}}