{"id":1281,"date":"2019-10-11T12:05:22","date_gmt":"2019-10-11T10:05:22","guid":{"rendered":"http:\/\/gruene-nks.de\/?p=1281"},"modified":"2020-11-29T11:39:36","modified_gmt":"2020-11-29T10:39:36","slug":"unser-ziel-ist-menschenwuerdige-arbeit","status":"publish","type":"post","link":"https:\/\/gruene-nks.de\/index.php\/2019\/10\/11\/unser-ziel-ist-menschenwuerdige-arbeit\/","title":{"rendered":"Unser Ziel ist menschenw\u00fcrdige Arbeit"},"content":{"rendered":"\r\n<h2 class=\"wp-block-heading\">&#8211; in Deutschland und weltweit &#8211;<\/h2>\r\n\r\n\r\n\r\n<p>Zum Welttag f\u00fcr menschenw\u00fcrdige Arbeit erkl\u00e4ren <strong>Beate M\u00fcller-Gemmeke<\/strong>, Sprecherin f\u00fcr ArbeitnehmerInnenrechte und aktive Arbeitsmarktpolitik, und <strong>Uwe Kekeritz<\/strong>, Sprecher f\u00fcr Entwicklungspolitik:<\/p>\r\n\r\n\r\n\r\n<p>\u201eDas Recht auf freie gewerkschaftliche Bet\u00e4tigung und Kollektivverhandlungen muss weltweit durchgesetzt werden. Denn diese Kernarbeitsnorm der Internationalen Arbeitsorganisation der Vereinten Nationen (ILO) wird in vielen F\u00e4llen noch immer missachtet. Selbst in Deutschland werden die Arbeit und die Wahlen von Betriebsr\u00e4ten zum Teil behindert. Damit muss Schluss sein. Deshalb m\u00fcssen Betriebsr\u00e4te auch in unserem Land gest\u00e4rkt und Betriebsratswahlen erleichtert werden. Aktive Besch\u00e4ftigte brauchen ausreichend Schutz, damit sie sich f\u00fcr gute Arbeitsbedingungen und mehr Demokratie in den Betrieben einsetzen k\u00f6nnen &#8211; in Deutschland und weltweit.<\/p>\r\n\r\n\r\n\r\n<p>Noch immer arbeiten weltweit Millionen von Menschen f\u00fcr Hungerl\u00f6hne und unter katastrophalen Arbeitsbedingungen. Darunter sind oft auch immer noch Kinder. \u00dcberall auf der Welt kommt es in den Lieferketten zu Menschenrechtsverletzungen. Die Bundesregierung muss hier ihrer Verantwortung gerecht werden. Freiwillige Unternehmensverantwortung ist da zu wenig. Es ist an der Zeit, endlich verbindliche menschenrechtliche Sorgfaltspflichten einzuf\u00fchren. <strong>Das Ziel muss sein, in der gesamten Lieferkette von der Rohstoffgewinnung bis zum fertigen Produkt menschenw\u00fcrdige Arbeit und soziale, \u00f6kologische Standards zu garantieren und Verst\u00f6\u00dfe zu ahnden. <\/strong>Es braucht schnell ein Lieferkettengesetz, wie es von den Gr\u00fcnen und von Nichtregierungsorganisationen gefordert und selbst von Entwicklungsminister M\u00fcller in Erw\u00e4gung gezogen wird. Nur so kann nachhaltige Entwicklung entstehen.<\/p>\r\n\r\n\r\n\r\n<p>Auch in Deutschland arbeiten viel zu viele Besch\u00e4ftigte in prek\u00e4ren Arbeitsverh\u00e4ltnissen. Insbesondere die Arbeitssituation von entsandten Besch\u00e4ftigten ist h\u00e4ufig katastrophal. <strong>Deshalb ist die Bundesregierung in der Pflicht, die reformierte europ\u00e4ische Entsenderichtlinie z\u00fcgig in nationales Recht umzusetzen.<\/strong> Dabei m\u00fcssen alle Spielr\u00e4ume konsequent genutzt werden. Gleichzeitig brauchen die entsandten Besch\u00e4ftigten wirkungsvolle Unterst\u00fctzung, denn sie bekommen h\u00e4ufig ihren Lohn nur \u00fcber den Klageweg. Allein gegen den Arbeitgeber zu klagen, ist ein steiniger Weg. Deshalb ist ein kollektiver Rechtsschutz, ein Verbandsklagerecht, dringend notwendig. Das nimmt den Druck von den Besch\u00e4ftigten, und das er\u00f6ffnet vor allem auch die Chance, strukturelle Arbeitsausbeutung Schritt f\u00fcr Schritt zu bek\u00e4mpfen\u201c.<\/p>\r\n\r\n\r\n\r\n<p>Wir w\u00fcnschen Allen noch goldene Oktobertage<\/p>\r\n\r\n\r\n\r\n<p><a href=\"http:\/\/gruene-nks.de\/index.php\/gunter-gallasch-2\/\">Gunter Gallasch<\/a> (Stellv. Fraktionsvorsitz) <\/p>","protected":false},"excerpt":{"rendered":"<p>&#8211; in Deutschland und weltweit &#8211; Zum Welttag f\u00fcr menschenw\u00fcrdige Arbeit erkl\u00e4ren Beate M\u00fcller-Gemmeke, Sprecherin f\u00fcr ArbeitnehmerInnenrechte und aktive Arbeitsmarktpolitik, und Uwe Kekeritz, Sprecher f\u00fcr Entwicklungspolitik: \u201eDas Recht auf freie [&hellip;]<\/p>\n","protected":false},"author":-1,"featured_media":0,"comment_status":"open","ping_status":"open","sticky":false,"template":"","format":"standard","meta":{"footnotes":""},"categories":[88],"tags":[35,36],"class_list":["post-1281","post","type-post","status-publish","format-standard","hentry","category-ov","tag-arbeitsmarktpolitik","tag-entwicklungspolitik"],"_links":{"self":[{"href":"https:\/\/gruene-nks.de\/index.php\/wp-json\/wp\/v2\/posts\/1281","targetHints":{"allow":["GET"]}}],"collection":[{"href":"https:\/\/gruene-nks.de\/index.php\/wp-json\/wp\/v2\/posts"}],"about":[{"href":"https:\/\/gruene-nks.de\/index.php\/wp-json\/wp\/v2\/types\/post"}],"author":[{"embeddable":true,"href":"https:\/\/gruene-nks.de\/index.php\/wp-json\/wp\/v2\/users\/1"}],"replies":[{"embeddable":true,"href":"https:\/\/gruene-nks.de\/index.php\/wp-json\/wp\/v2\/comments?post=1281"}],"version-history":[{"count":9,"href":"https:\/\/gruene-nks.de\/index.php\/wp-json\/wp\/v2\/posts\/1281\/revisions"}],"predecessor-version":[{"id":2063,"href":"https:\/\/gruene-nks.de\/index.php\/wp-json\/wp\/v2\/posts\/1281\/revisions\/2063"}],"wp:attachment":[{"href":"https:\/\/gruene-nks.de\/index.php\/wp-json\/wp\/v2\/media?parent=1281"}],"wp:term":[{"taxonomy":"category","embeddable":true,"href":"https:\/\/gruene-nks.de\/index.php\/wp-json\/wp\/v2\/categories?post=1281"},{"taxonomy":"post_tag","embeddable":true,"href":"https:\/\/gruene-nks.de\/index.php\/wp-json\/wp\/v2\/tags?post=1281"}],"curies":[{"name":"wp","href":"https:\/\/api.w.org\/{rel}","templated":true}]}}