{"id":1299,"date":"2019-10-24T19:13:02","date_gmt":"2019-10-24T17:13:02","guid":{"rendered":"http:\/\/gruene-nks.de\/?p=1299"},"modified":"2020-11-29T11:39:25","modified_gmt":"2020-11-29T10:39:25","slug":"die-chance-ist-vertan-tempolimit-von-130-km-h-auf-deutschen-autobahnen","status":"publish","type":"post","link":"https:\/\/gruene-nks.de\/index.php\/2019\/10\/24\/die-chance-ist-vertan-tempolimit-von-130-km-h-auf-deutschen-autobahnen\/","title":{"rendered":"Die Chance ist vertan <u>Tempolimit<\/u> von 130 km\/h auf deutschen Autobahnen"},"content":{"rendered":"\r\n<p>Ein <strong>Vorsto\u00df der Gr\u00fcnen<\/strong> f\u00fcr ein generelles <strong><u>Tempolimit<\/u> von 130 km\/h<\/strong> auf deutschen Autobahnen ab 2020 ist <strong>im Bundestag gescheitert<\/strong>. In einer namentlichen Abstimmung am 17. Oktober 2019 votierten <strong>498 Abgeordnete<\/strong> f\u00fcr die Empfehlung des Verkehrsausschusses, den Antrag abzulehnen. F\u00fcr den Gr\u00fcnen-Antrag positionierten sich <strong>126 Parlamentarier<\/strong>, sieben enthielten sich.<\/p>\r\n\r\n\r\n\r\n<p>Cem \u00d6zdemir ist ein gl\u00fchender Verfechter eines generellen Tempolimits auf deutschen Autobahnen.<\/p>\r\n\r\n\r\n\r\n<p>Zuvor hatten die Gr\u00fcnen in einer <strong>lebhaften Debatte<\/strong> f\u00fcr ein Autobahn-Tempolimit geworben: \u201eDamit k\u00f6nne man sofort und kostenlos Klimagase einsparen, sagte der Vorsitzende des Verkehrsausschusses, <strong>Cem \u00d6zdemir<\/strong> (Gr\u00fcne). Mit dem automatisierten Fahren werde nat\u00fcrlich auch ein Tempolimit kommen, da man dann nicht mit &#8222;250 Sachen&#8220; auf der einen und Tempo 130 auf der anderen Spur unterwegs sein k\u00f6nne. Die Zeit der <strong>Dr\u00e4ngler mit der Lichthupe<\/strong> wird vorbei sein.&#8220;<\/p>\r\n\r\n\r\n\r\n<p><strong>CDU f\u00fcrchtet &#8222;Total\u00fcberwachung der Autobahnen&#8220;<\/strong><\/p>\r\n\r\n\r\n\r\n<p>Auch die <strong>Linken-Verkehrsexpertin Ingrid Remmers<\/strong> sprach sich klar f\u00fcr ein Tempolimit aus. <strong>Gero Storjohann (CDU)<\/strong> lehnte dies dagegen ab. Er verwies unter anderem auf eine dann n\u00f6tige &#8222;Total\u00fcberwachung unserer Autobahnen&#8220;, um die Begrenzung zu kontrollieren. Auch <strong>Karl Holmeier (CSU)<\/strong> wies die &#8222;ideologische Forderung&#8220; zur\u00fcck. <strong>FDP-Verkehrsexperte Oliver Luksic<\/strong> warnte vor einer Bevormundung der B\u00fcrger. Die Autobahnen seien die sichersten Stra\u00dfen, das Problem seien die Landstra\u00dfen. Der AfD-Verkehrspolitiker Dirk Spaniel warf den Gr\u00fcnen eine &#8222;massive Kampagne gegen die Autofahrer&#8220; vor. Die <strong>SPD-Verkehrsexpertin Kirsten L\u00fchmann<\/strong> sagte, ein <strong>Tempolimit f\u00fchre zu weniger Toten, weniger Schwerverletzten und weniger <u>CO2<\/u><\/strong>. Man habe den Koalitionspartner Union aber leider nicht davon \u00fcberzeugen k\u00f6nnen. Daher wollte der Gro\u00dfteil ihrer Fraktion gegen den Vorsto\u00df der Gr\u00fcnen stimmen. &#8222;Aber nicht aus inhaltlichen Gr\u00fcnden, sondern allein aus <strong>Vertragstreue zu dieser Koalition.&#8220;<\/strong><\/p>\r\n\r\n\r\n\r\n<p><strong>Scheuer dagegen, Umweltministerin offen<\/strong><\/p>\r\n\r\n\r\n\r\n<p>Bundesverkehrsminister <strong>Andreas Scheuer (CSU)<\/strong> war schon immer als strikter <strong>Gegner des Tempolimits<\/strong> bekannt. Umweltministerin <strong>Svenja Schulze (SPD)<\/strong> hatte sich dagegen <strong>offen<\/strong> f\u00fcr ein Tempolimit gezeigt. Auch die <strong>Gewerkschaft der Polizei<\/strong> hatte den Vorsto\u00df der Gr\u00fcnen begr\u00fc\u00dft.<\/p>\r\n\r\n\r\n\r\n<p><strong>Mehr als die H\u00e4lfte f\u00fcr Tempolimit<\/strong> \u2013 aber nicht alle <strong>f\u00fcr 130 km\/h<\/strong><br \/>In einer repr\u00e4sentativen Umfrage des Meinungsforschungsinstituts YouGov im Auftrag von mobile.de sprachen sich <strong>56,5 %<\/strong> der 1020 Befragten <strong>f\u00fcr ein allgemeines Tempolimit<\/strong> aus. Lediglich <strong>16,8 %<\/strong> lehnen eine Maximalgeschwindigkeit auf deutschen Autobahnen generell ab. Rund ein Drittel (<strong>31,8 %<\/strong>) sind die diskutierten <strong>130 km\/h<\/strong> die bevorzugte Obergrenze. Etwa jeder zehnte Befragte sieht die allgemeine Ho\u0308chstgeschwindigkeit bei <strong>140 km\/h<\/strong> (<strong>12,8 %<\/strong>), \u00e4hnlich verh\u00e4lt es sich bei <strong>150 km\/h (10,2 %)<\/strong> und <strong>160 km\/h (9,2 %)<\/strong>. Immerhin wu\u0308nschen sich <strong>14,7 % <\/strong>ein Tempolimit von maximal <strong>120 km\/h<\/strong> oder sogar weniger.<\/p>\r\n\r\n\r\n\r\n<p>Unsere Volksvertreter haben sich wieder einmal <strong>\u201ezum Wohle des Volkes\u201c <\/strong>entschieden?<\/p>\r\n\r\n\r\n\r\n<p>Uns B\u00fcrger*Innen bleibt es unbenommen diesem <strong>Theater<\/strong> eine freiwillige <strong>Selbstverpflichtung Tempolimit 130 km\/h<\/strong> entgegenzusetzen, als kleinen Beitrag f\u00fcr unsere Umwelt und unsere Gesundheit!<\/p>\r\n","protected":false},"excerpt":{"rendered":"<p>Ein Vorsto\u00df der Gr\u00fcnen f\u00fcr ein generelles Tempolimit von 130 km\/h auf deutschen Autobahnen ab 2020 ist im Bundestag gescheitert. In einer namentlichen Abstimmung am 17. Oktober 2019 votierten 498 [&hellip;]<\/p>\n","protected":false},"author":-1,"featured_media":0,"comment_status":"open","ping_status":"open","sticky":false,"template":"","format":"standard","meta":{"footnotes":""},"categories":[88],"tags":[39,41,40],"class_list":["post-1299","post","type-post","status-publish","format-standard","hentry","category-ov","tag-autobahn","tag-bundestag","tag-tempolimit"],"_links":{"self":[{"href":"https:\/\/gruene-nks.de\/index.php\/wp-json\/wp\/v2\/posts\/1299","targetHints":{"allow":["GET"]}}],"collection":[{"href":"https:\/\/gruene-nks.de\/index.php\/wp-json\/wp\/v2\/posts"}],"about":[{"href":"https:\/\/gruene-nks.de\/index.php\/wp-json\/wp\/v2\/types\/post"}],"author":[{"embeddable":true,"href":"https:\/\/gruene-nks.de\/index.php\/wp-json\/wp\/v2\/users\/1"}],"replies":[{"embeddable":true,"href":"https:\/\/gruene-nks.de\/index.php\/wp-json\/wp\/v2\/comments?post=1299"}],"version-history":[{"count":5,"href":"https:\/\/gruene-nks.de\/index.php\/wp-json\/wp\/v2\/posts\/1299\/revisions"}],"predecessor-version":[{"id":2061,"href":"https:\/\/gruene-nks.de\/index.php\/wp-json\/wp\/v2\/posts\/1299\/revisions\/2061"}],"wp:attachment":[{"href":"https:\/\/gruene-nks.de\/index.php\/wp-json\/wp\/v2\/media?parent=1299"}],"wp:term":[{"taxonomy":"category","embeddable":true,"href":"https:\/\/gruene-nks.de\/index.php\/wp-json\/wp\/v2\/categories?post=1299"},{"taxonomy":"post_tag","embeddable":true,"href":"https:\/\/gruene-nks.de\/index.php\/wp-json\/wp\/v2\/tags?post=1299"}],"curies":[{"name":"wp","href":"https:\/\/api.w.org\/{rel}","templated":true}]}}