{"id":1309,"date":"2019-11-14T18:43:16","date_gmt":"2019-11-14T17:43:16","guid":{"rendered":"http:\/\/gruene-nks.de\/?p=1309"},"modified":"2020-11-29T11:39:14","modified_gmt":"2020-11-29T10:39:14","slug":"digitale-demokratie-statt-datendiktatur","status":"publish","type":"post","link":"https:\/\/gruene-nks.de\/index.php\/2019\/11\/14\/digitale-demokratie-statt-datendiktatur\/","title":{"rendered":"Digitale Demokratie statt Datendiktatur"},"content":{"rendered":"\r\n<p>Wir GR\u00dcNE wollen die Digitalisierung mit Zuversicht gestalten und sie weder den Gro\u00dfkonzernen noch staatlichen Phantasien von umfassender \u00dcberwachung \u00fcberlassen. Es liegt an uns, ob die digitale Gesellschaft zu einer Nachhaltigkeitsgesellschaft wird, freiheitlich, offen, demokratisch, rechtsstaatlich, sozial ausgleichend und \u00f6kologisch verantwortlich.<\/p>\r\n\r\n\r\n\r\n<p>Hass und Hetze gegen Fl\u00fcchtlinge, Journalist*innen, Politiker*innen und Feminist*innen, religi\u00f6se Gruppierungen und politisch vermeintlich Andersdenkende sowie Beleidigungen, Drohungen und Mordaufrufe sind in den sozialen Medien mittlerweile an der Tagesordnung.<\/p>\r\n\r\n\r\n\r\n<p>Kollektive Intelligenz ben\u00f6tigt einen hohen Grad an Diversit\u00e4t. Diese wird jedoch durch heutige personalisierte Informationssysteme zu Gunsten der Verst\u00e4rkung von Trends reduziert. Kulturelle Vielfalt, Soziodiversit\u00e4t ist genauso wichtig wie Biodiversit\u00e4t.<\/p>\r\n\r\n\r\n\r\n<p>Wir fordern deshalb die Einhaltung folgender Grundprinzipien:<\/p>\r\n\r\n\r\n\r\n<ol class=\"wp-block-list\">\r\n<li>die Funktion von Informationssystemen st\u00e4rker zu dezentralisieren<\/li>\r\n<li>informationelle Selbstbestimmung und Partizipation zu unterst\u00fctzen<\/li>\r\n<li>Transparenz f\u00fcr eine erh\u00f6hte Vertrauensw\u00fcrdigkeit zu verbessern<\/li>\r\n<li>von den Nutzern gesteuerte Informationsfilter zu erm\u00f6glichen<\/li>\r\n<li>gesellschaftliche und \u00f6konomische Vielfalt zu f\u00f6rdern<\/li>\r\n<li>kollektive Intelligenz zu unterst\u00fctzen und<\/li>\r\n<li>die M\u00fcndigkeit der B\u00fcrger in der digitalen Welt zu f\u00f6rdern\u00a0\u2013 eine &#8222;digitale Aufkl\u00e4rung&#8220;.<\/li>\r\n<\/ol>\r\n\r\n\r\n\r\n<p>Welche \u00f6ffentlichen Systeme ben\u00f6tigen wir also, damit die digitale Gesellschaft ein Erfolg wird? Erstens sind v\u00f6llig neue <strong>Bildungskonzepte <\/strong>gefragt. Diese sollten auf kritisches Denken, Kreativit\u00e4t, Erfinder- und Unternehmergeist ausgerichtet sein. Die Ausbildung sollte auch den verantwortungsvollen und kritischen Umgang mit digitalen Technologien vermitteln.<\/p>\r\n\r\n\r\n\r\n<p>Tausende Apps, das Internet der Dinge, die totale Vernetzung\u00a0\u2013 die M\u00f6glichkeiten der digitalen Revolution sind beeindruckend. Nur eines wird leicht vergessen: <strong>Innovative Technik braucht kompetente Menschen, die sie beherrschen, statt von ihr beherrscht zu werden.<\/strong><\/p>\r\n\r\n\r\n\r\n<p>Wir wissen, dass die erste Seite der Google-Suche etwa 90\u00a0Prozent aller Klicks erh\u00e4lt, davon die H\u00e4lfte auf die ersten beiden Eintr\u00e4ge. Dieses Wissen \u00fcber menschliches Verhalten macht man sich nun zu Nutze und manipuliert die Reihenfolge der Eintr\u00e4ge so, dass die positiven Nachrichten \u00fcber einen bestimmten Kandidaten oder ein bestimmtes Produkt auf der ersten Seite erscheinen.<\/p>\r\n\r\n\r\n\r\n<p><strong>Ob Klimakrise, Artensterben, Digitalisierung oder sich ausbreitender Nationalismus \u2013 viele Menschen fragen sich, wie Politik die gro\u00dfen Herausforderungen unserer Zeit gestalten m\u00f6chte. Wir GR\u00dcNE widmen uns diesen gro\u00dfen Fragen und erarbeiten bis 2020 unser neues Grundsatzprogramm.<\/strong><\/p>\r\n\r\n\r\n\r\n<p>Tarja Palonen-Hei\u00dfe<br \/>Fraktionsvorsitzende<br \/>B\u00dcNDNIS 90\/DIE GR\u00dcNEN<\/p>\r\n","protected":false},"excerpt":{"rendered":"<p>Wir GR\u00dcNE wollen die Digitalisierung mit Zuversicht gestalten und sie weder den Gro\u00dfkonzernen noch staatlichen Phantasien von umfassender \u00dcberwachung \u00fcberlassen. Es liegt an uns, ob die digitale Gesellschaft zu einer [&hellip;]<\/p>\n","protected":false},"author":-1,"featured_media":0,"comment_status":"open","ping_status":"open","sticky":false,"template":"","format":"standard","meta":{"footnotes":""},"categories":[88],"tags":[45],"class_list":["post-1309","post","type-post","status-publish","format-standard","hentry","category-ov","tag-digitalisierung"],"_links":{"self":[{"href":"https:\/\/gruene-nks.de\/index.php\/wp-json\/wp\/v2\/posts\/1309","targetHints":{"allow":["GET"]}}],"collection":[{"href":"https:\/\/gruene-nks.de\/index.php\/wp-json\/wp\/v2\/posts"}],"about":[{"href":"https:\/\/gruene-nks.de\/index.php\/wp-json\/wp\/v2\/types\/post"}],"author":[{"embeddable":true,"href":"https:\/\/gruene-nks.de\/index.php\/wp-json\/wp\/v2\/users\/1"}],"replies":[{"embeddable":true,"href":"https:\/\/gruene-nks.de\/index.php\/wp-json\/wp\/v2\/comments?post=1309"}],"version-history":[{"count":2,"href":"https:\/\/gruene-nks.de\/index.php\/wp-json\/wp\/v2\/posts\/1309\/revisions"}],"predecessor-version":[{"id":2059,"href":"https:\/\/gruene-nks.de\/index.php\/wp-json\/wp\/v2\/posts\/1309\/revisions\/2059"}],"wp:attachment":[{"href":"https:\/\/gruene-nks.de\/index.php\/wp-json\/wp\/v2\/media?parent=1309"}],"wp:term":[{"taxonomy":"category","embeddable":true,"href":"https:\/\/gruene-nks.de\/index.php\/wp-json\/wp\/v2\/categories?post=1309"},{"taxonomy":"post_tag","embeddable":true,"href":"https:\/\/gruene-nks.de\/index.php\/wp-json\/wp\/v2\/tags?post=1309"}],"curies":[{"name":"wp","href":"https:\/\/api.w.org\/{rel}","templated":true}]}}