{"id":1361,"date":"2019-12-14T14:33:00","date_gmt":"2019-12-14T13:33:00","guid":{"rendered":"http:\/\/gruene-nks.de\/?p=1361"},"modified":"2020-11-29T11:38:55","modified_gmt":"2020-11-29T10:38:55","slug":"zeit-fuer-starke-kinderrechte","status":"publish","type":"post","link":"https:\/\/gruene-nks.de\/index.php\/2019\/12\/14\/zeit-fuer-starke-kinderrechte\/","title":{"rendered":"Zeit f\u00fcr starke Kinderrechte"},"content":{"rendered":"\r\n<h2 class=\"wp-block-heading\">Jahrestag UN-Kinderrechtskonvention<\/h2>\r\n\r\n\r\n\r\n<p>Zum 30. Jahrestag (20.11.2019) der UN-Kinderrechtskonvention erkl\u00e4ren <strong>Katja D\u00f6rner<\/strong>, Stellvertretende Fraktionsvorsitzende, und <strong>Kai Gehring<\/strong>, Mitglied im Ausschuss f\u00fcr Menschenrechte und humanit\u00e4re Hilfe:<\/p>\r\n\r\n\r\n\r\n<p>Vor genau drei\u00dfig Jahren hat die Weltgemeinschaft ein \u00dcbereinkommen vorgelegt, das in 54 Artikeln die Menschenrechte f\u00fcr die spezielle Situation von Kindern definiert. Ein zivilisatorischer Meilenstein, der aber in der Umsetzung noch l\u00e4ngst nicht Realit\u00e4t geworden ist.<\/p>\r\n\r\n\r\n\r\n<p>Auch in Deutschland werden die <strong>Rechte von Kindern nicht umfassend beachtet<\/strong>. Kinderrechte geh\u00f6ren ins Grundgesetz, damit der Staat endlich dazu verpflichtet wird, die Interessen und Bed\u00fcrfnisse von Kindern zur Chefsache zu machen. Parlamente, Verwaltung und Gerichte m\u00fcssen dann bei all ihren Entscheidungen das <strong>Kindeswohl ma\u00dfgeblich ber\u00fccksichtigen<\/strong>. Der Kampf gegen das besch\u00e4mende Ausma\u00df an Kinderarmut, die ungleichen Startchancen im Bildungssystem und die Ungleichbehandlung in der Gesundheitsversorgung m\u00fcsste dann endlich nach oben auf die Agenda der politischen Entscheider.<\/p>\r\n\r\n\r\n\r\n<p>Eines ist klar: <strong>Starke Kinder brauchen starke Kinderrechte<\/strong>. Und starke Kinderrechte gibt es nur mit einer starken Formulierung <strong>in der Verfassung<\/strong>. Die Grundprinzipien der UN-Kinderrechtskonvention, das Recht auf Schutz, F\u00f6rderung und Beteiligung sowie die Orientierung des Staates am Kindeswohl m\u00fcssen explizit aufgenommen werden. Das fordern wir von einem Gesetzentwurf der Bundesregierung ein. Denn eine schwache Formulierung hilft niemandem und findet auch nicht unsere Unterst\u00fctzung.<\/p>\r\n\r\n\r\n\r\n<p>Die Verankerung der <strong>Kinderrechte im Grundgesetz<\/strong> h\u00e4tte auch international eine <strong>positive Signalwirkung<\/strong>.<\/p>\r\n\r\n\r\n\r\n<p>Deutschland hat eine globale Verantwortung, die zu beherztem Handeln f\u00fchren muss. Trotz einzelner Fortschritte ist die drei\u00dfigj\u00e4hrige Zwischenbilanz und Lage der Kinderrechte weltweit alles andere als zufriedenstellend, denn noch immer sind viel zu viele Kinder arm, unterern\u00e4hrt oder werden versklavt. <strong>385 Millionen Kinder leben in extremer Armut, 150 Millionen Kinder sind chronisch unterern\u00e4hrt, 420 Millionen Kinder sind von Kriegen und Konflikten betroffen<\/strong>, jeder vierte Todesfall in einem Alter von unter f\u00fcnf Jahren ist laut WHO auf Umweltverschmutzung zur\u00fcckzuf\u00fchren.<\/p>\r\n\r\n\r\n\r\n<p>2020 wird Deutschland eine besonders exponierte Rolle haben: Wir werden weiterhin dem UN-Sicherheitsrat und ab n\u00e4chstem Jahr wieder dem UN-Menschenrechtsrat angeh\u00f6ren sowie die EU-Ratspr\u00e4sidentschaft \u00fcbernehmen. Diesen Dreiklang muss die Regierung nutzen, um Kinderrechte weltweit zu verbessern. Deutschland braucht eine auf Menschenrechten basierende und endlich auch kindgerechte Au\u00dfenpolitik.<\/p>\r\n\r\n\r\n\r\n<p>Kinder sind in besonderem Ma\u00dfe von Krisen und Konflikten betroffen. Sie m\u00fcssen hierzulande und weltweit breiter \u00fcber ihre Rechte informiert, in Probleml\u00f6sungen einbezogen und bei der Aus\u00fcbung ihrer Rechte unterst\u00fctzt werden.<\/p>\r\n\r\n\r\n\r\n<p>Deutschland ist eines der reichsten L\u00e4nder der Welt, dass dennoch jedes f\u00fcnfte Kind arm oder von Armut bedroht ist, muss besch\u00e4men. Mit einer ver\u00e4nderten Weichenstellung in der Politik, k\u00f6nnte diesem Widerspruch abgeholfen werden.<\/p>\r\n\r\n\r\n\r\n<p>.\u2026.An dieser Stelle m\u00f6chten wir dem Deutschen Kinderschutzbund &#8211; Ortsverband Neunkirchen-Seelscheid &#8211; danken. Seit 40 Jahren unterst\u00fctzen die ehrenamtlichen Helfer*innen die Kinder und Familien der Gemeinde mit ihren Aktionen und Angeboten. Unter dem Motto <strong>&#8222;Geschenke kaufen und Gutes tun&#8220;<\/strong>, gibt es am 30.11.2019 einen Verkaufsstand des Kinderschutzbundes auf dem Seelscheider Weihnachtsmarkt. Der Erl\u00f6s geht zu 100% an die Kinder unserer Gemeinde\u2026\u2026<\/p>\r\n\r\n\r\n\r\n<p>In diesem Sinn w\u00fcnschen wir eine besinnliche Adventszeit<\/p>\r\n\r\n\r\n\r\n<p>Sylvia Greuel<\/p>\r\n","protected":false},"excerpt":{"rendered":"<p>Jahrestag UN-Kinderrechtskonvention Zum 30. Jahrestag (20.11.2019) der UN-Kinderrechtskonvention erkl\u00e4ren Katja D\u00f6rner, Stellvertretende Fraktionsvorsitzende, und Kai Gehring, Mitglied im Ausschuss f\u00fcr Menschenrechte und humanit\u00e4re Hilfe: Vor genau drei\u00dfig Jahren hat die [&hellip;]<\/p>\n","protected":false},"author":-1,"featured_media":0,"comment_status":"open","ping_status":"open","sticky":false,"template":"","format":"standard","meta":{"footnotes":""},"categories":[88],"tags":[48,50],"class_list":["post-1361","post","type-post","status-publish","format-standard","hentry","category-ov","tag-kinder","tag-kinderrechte"],"_links":{"self":[{"href":"https:\/\/gruene-nks.de\/index.php\/wp-json\/wp\/v2\/posts\/1361","targetHints":{"allow":["GET"]}}],"collection":[{"href":"https:\/\/gruene-nks.de\/index.php\/wp-json\/wp\/v2\/posts"}],"about":[{"href":"https:\/\/gruene-nks.de\/index.php\/wp-json\/wp\/v2\/types\/post"}],"author":[{"embeddable":true,"href":"https:\/\/gruene-nks.de\/index.php\/wp-json\/wp\/v2\/users\/1"}],"replies":[{"embeddable":true,"href":"https:\/\/gruene-nks.de\/index.php\/wp-json\/wp\/v2\/comments?post=1361"}],"version-history":[{"count":1,"href":"https:\/\/gruene-nks.de\/index.php\/wp-json\/wp\/v2\/posts\/1361\/revisions"}],"predecessor-version":[{"id":1362,"href":"https:\/\/gruene-nks.de\/index.php\/wp-json\/wp\/v2\/posts\/1361\/revisions\/1362"}],"wp:attachment":[{"href":"https:\/\/gruene-nks.de\/index.php\/wp-json\/wp\/v2\/media?parent=1361"}],"wp:term":[{"taxonomy":"category","embeddable":true,"href":"https:\/\/gruene-nks.de\/index.php\/wp-json\/wp\/v2\/categories?post=1361"},{"taxonomy":"post_tag","embeddable":true,"href":"https:\/\/gruene-nks.de\/index.php\/wp-json\/wp\/v2\/tags?post=1361"}],"curies":[{"name":"wp","href":"https:\/\/api.w.org\/{rel}","templated":true}]}}