{"id":1376,"date":"2020-01-23T09:26:29","date_gmt":"2020-01-23T08:26:29","guid":{"rendered":"http:\/\/gruene-nks.de\/?p=1376"},"modified":"2020-11-27T13:07:29","modified_gmt":"2020-11-27T12:07:29","slug":"integrationspolitik-vor-ort-staerken","status":"publish","type":"post","link":"https:\/\/gruene-nks.de\/index.php\/2020\/01\/23\/integrationspolitik-vor-ort-staerken\/","title":{"rendered":"Integrationspolitik vor Ort st\u00e4rken"},"content":{"rendered":"\r\n<h2 class=\"wp-block-heading\"><strong>Dr. Stamp (FDP) gegen eine Aufnahme von Fl\u00fcchtlingen<\/strong><\/h2>\r\n\r\n\r\n\r\n<p>Der Bundestag hat j\u00fcngst die Fortsetzung der Integrationspauschale f\u00fcr 2020 und 2021 beschlossen. Dies <strong>bedeutet f\u00fcr NRW in 2020 <\/strong>insgesamt <strong>151 Millionen Euro. Die Landesregierung weigert sich allerdings, dieses Geld an die St\u00e4dte und Gemeinden weiterzugeben. Sie gef\u00e4hrdet damit die erfolgreiche Integrationsarbeit vor Ort. <\/strong><\/p>\r\n\r\n\r\n\r\n<p>In dem Entwurf des Haushaltsplans 2020 auf Seite 710 k\u00f6nnen wir lesen:<\/p>\r\n\r\n\r\n\r\n<p>&#8222;Mit Pressemitteilung vom 30. Oktober 2019 teilte die Landesregierung mit, die Integrationspauschale des Bundes f\u00fcr das zu Ende gehende Jahr 2019 an die Kommunen weiterzuleiten. Gleichzeitig wurde im Integrationsausschuss der Haushaltsplan des <strong>NRW Integrationsministeriums<\/strong> f\u00fcr 2020 verabschiedet. Darin f\u00e4llt die Integrationspauschale f\u00fcr das kommende Jahr allerdings <strong>komplett weg<\/strong>. F\u00fcr 2020 wird daher hier kein Ansatz etatisiert.&#8220;<\/p>\r\n\r\n\r\n\r\n<p>Die Gemeinde erhielt gem. \u00a7 14a Teilhabe- und Integrationsgesetz im Jahr 2018 Zuweisungen f\u00fcr Integrationsma\u00dfnahmen in H\u00f6he von insgesamt 124.331,93 \u20ac.<\/p>\r\n\r\n\r\n\r\n<p>Finanzminister Lienenk\u00e4mper (CDU) hat den Haushaltsabschluss 2019 bekannt gegeben und erkl\u00e4rt, die 1,2 Milliarden Euro \u00dcberschuss erg\u00e4ben sich unter anderem aus Minderausgaben bei den Fl\u00fcchtlings bedingten Ausgaben von 515 Millionen Euro. Dazu erkl\u00e4rt <strong>Mehrdad Mostofizadeh<\/strong>, stellvertretender Vorsitzender und kommunalpolitischer Sprecher der <strong>GR\u00dcNEN<\/strong> Fraktion im Landtag NRW: &#8222;Anstatt dass Minister Lienenk\u00e4mper die Minderausgaben nutzt, um die Kommunen zu entlasten, <strong>rechnet sich die Landesregierung ihren Haushalt sch\u00f6n<\/strong>. Damit fehlen den St\u00e4dten und Gemeinden Gelder zur St\u00e4rkung der Integration vor Ort, aber auch f\u00fcr wichtige Investitionen wie die Sanierung der Schulen oder den Ausbau der Betreuungsangebote f\u00fcr Kinder. <strong>Wir fordern die Landesregierung auf, sofort zu handeln und den Kommunen die Mittel vollst\u00e4ndig zur Verf\u00fcgung zu stellen.<\/strong>&#8222;<\/p>\r\n\r\n\r\n\r\n<p>Der Fl\u00fcchtlingsrat NRW kritisiert die \u00c4u\u00dferungen von <strong>Dr. Stamp (FDP),<\/strong> Minister f\u00fcr Kinder, Familie, <strong>Fl\u00fcchtlinge und Integration<\/strong>, private Seenotrettung bef\u00f6rdere das Sterben auf dem Mittelmeer. Nicht die Hoffnung auf Seenotrettung, sondern die Angst vor Verfolgung und Gewalt in den Herkunftsl\u00e4ndern und auf der Flucht sind der Grund f\u00fcr die lebensgef\u00e4hrliche Boots\u00fcberfahrt von Fl\u00fcchtlingen \u00fcber die Mittelmeer Routen.<\/p>\r\n\r\n\r\n\r\n<p>Als Reaktion auf das Sterben auf dem Mittelmeer und der zunehmenden Kriminalisierung der privaten Seenotrettung haben sich in dem <strong>B\u00fcndnis &#8222;Sichere H\u00e4fen&#8220; 16 St\u00e4dte<\/strong> und Gemeinden in NRW &#8211; <strong>bundesweit 120 Kommunen<\/strong>&#8211; bereit erkl\u00e4rt, aus dem Mittelmeer gerettete Fl\u00fcchtlinge aufzunehmen. Minister <strong>Dr. Stamp (FDP)<\/strong> sprach sich am 20. Januar 2020 gegen\u00fcber dem K\u00f6lner Stadt-Anzeiger <strong>gegen eine solche Aufnahme von Fl\u00fcchtlingen<\/strong> aus, da die Seenotrettung Impulse f\u00fcr die \u00dcberfahrt weiterer Fl\u00fcchtlinge setzen w\u00fcrde.<\/p>\r\n\r\n\r\n\r\n<p><strong>Wir GR\u00dcNEN wollen, dass Integration gelingt!<\/strong><\/p>\r\n\r\n\r\n\r\n<p>Etwas W\u00e4rme in der kalten Jahreszeit!<\/p>\r\n\r\n\r\n\r\n<p>W\u00fcnscht sich<br \/>Tarja Palonen-Hei\u00dfe<br \/>Fraktionsvorsitzende<\/p>\r\n","protected":false},"excerpt":{"rendered":"<p>Dr. Stamp (FDP) gegen eine Aufnahme von Fl\u00fcchtlingen Der Bundestag hat j\u00fcngst die Fortsetzung der Integrationspauschale f\u00fcr 2020 und 2021 beschlossen. Dies bedeutet f\u00fcr NRW in 2020 insgesamt 151 Millionen [&hellip;]<\/p>\n","protected":false},"author":-1,"featured_media":0,"comment_status":"open","ping_status":"open","sticky":false,"template":"","format":"standard","meta":{"footnotes":""},"categories":[88],"tags":[60,57,59,58,91],"class_list":["post-1376","post","type-post","status-publish","format-standard","hentry","category-ov","tag-haushaltsgeld","tag-integrationspolitik","tag-kommunen","tag-landesregierung","tag-position"],"_links":{"self":[{"href":"https:\/\/gruene-nks.de\/index.php\/wp-json\/wp\/v2\/posts\/1376","targetHints":{"allow":["GET"]}}],"collection":[{"href":"https:\/\/gruene-nks.de\/index.php\/wp-json\/wp\/v2\/posts"}],"about":[{"href":"https:\/\/gruene-nks.de\/index.php\/wp-json\/wp\/v2\/types\/post"}],"author":[{"embeddable":true,"href":"https:\/\/gruene-nks.de\/index.php\/wp-json\/wp\/v2\/users\/1"}],"replies":[{"embeddable":true,"href":"https:\/\/gruene-nks.de\/index.php\/wp-json\/wp\/v2\/comments?post=1376"}],"version-history":[{"count":2,"href":"https:\/\/gruene-nks.de\/index.php\/wp-json\/wp\/v2\/posts\/1376\/revisions"}],"predecessor-version":[{"id":1964,"href":"https:\/\/gruene-nks.de\/index.php\/wp-json\/wp\/v2\/posts\/1376\/revisions\/1964"}],"wp:attachment":[{"href":"https:\/\/gruene-nks.de\/index.php\/wp-json\/wp\/v2\/media?parent=1376"}],"wp:term":[{"taxonomy":"category","embeddable":true,"href":"https:\/\/gruene-nks.de\/index.php\/wp-json\/wp\/v2\/categories?post=1376"},{"taxonomy":"post_tag","embeddable":true,"href":"https:\/\/gruene-nks.de\/index.php\/wp-json\/wp\/v2\/tags?post=1376"}],"curies":[{"name":"wp","href":"https:\/\/api.w.org\/{rel}","templated":true}]}}