{"id":1397,"date":"2020-01-31T11:48:26","date_gmt":"2020-01-31T10:48:26","guid":{"rendered":"http:\/\/gruene-nks.de\/?p=1397"},"modified":"2020-11-27T13:07:09","modified_gmt":"2020-11-27T12:07:09","slug":"gruener-stammtisch-12-2-beim-bockenbusch","status":"publish","type":"post","link":"https:\/\/gruene-nks.de\/index.php\/2020\/01\/31\/gruener-stammtisch-12-2-beim-bockenbusch\/","title":{"rendered":"GR\u00dcNER Stammtisch 12.02. beim \u201eBockenbusch\u201c"},"content":{"rendered":"\r\n<p>Wir laden alle B\u00fcrgerinnen und B\u00fcrger wieder herzlich zu unserem GR\u00dcNEN Stammtisch am <strong>Mittwoch, den 12.02. um 19 Uhr<\/strong> beim \u201eBockenbusch\u201c in Pohlhausen, ein.<\/p>\r\n\r\n\r\n\r\n<p><strong>Thema: Social Media in der Kommunalpolitik?<\/strong><\/p>\r\n\r\n\r\n\r\n<p>Social Media und Politik sollten eigentlich wunderbar zusammenpassen. Warum funktioniert das aber meistens doch nicht so richtig? Ist die Zielgruppe falsch ausgew\u00e4hlt und besteht nur aus \u201eeigenen Leuten\u201c? Ist die Sprache zu sehr an die Politik angepasst und setzt zu viel politisches Wissen voraus? Gibt es einfach zu wenig Ressourcen und ein zu kleines Budget in der Politik, um das erw\u00fcnschte Know how einzukaufen? Diese Fragen w\u00fcrden wir gern mit Ihnen diskutieren.<\/p>\r\n\r\n\r\n\r\n<p>Social Media hat f\u00fcr die Politik ein gro\u00dfes Potential.<\/p>\r\n\r\n\r\n\r\n<p>Wir freuen uns auf das Gespr\u00e4ch mit Ihnen.<\/p>\r\n\r\n\r\n\r\n<p>Astrid Normann, Vorsitzende des Ortsverbandes<\/p>\r\n","protected":false},"excerpt":{"rendered":"<p>Wir laden alle B\u00fcrgerinnen und B\u00fcrger wieder herzlich zu unserem GR\u00dcNEN Stammtisch am Mittwoch, den 12.02. um 19 Uhr beim \u201eBockenbusch\u201c in Pohlhausen, ein. Thema: Social Media in der Kommunalpolitik? [&hellip;]<\/p>\n","protected":false},"author":-1,"featured_media":0,"comment_status":"open","ping_status":"open","sticky":false,"template":"","format":"standard","meta":{"footnotes":""},"categories":[88],"tags":[],"class_list":["post-1397","post","type-post","status-publish","format-standard","hentry","category-ov"],"_links":{"self":[{"href":"https:\/\/gruene-nks.de\/index.php\/wp-json\/wp\/v2\/posts\/1397","targetHints":{"allow":["GET"]}}],"collection":[{"href":"https:\/\/gruene-nks.de\/index.php\/wp-json\/wp\/v2\/posts"}],"about":[{"href":"https:\/\/gruene-nks.de\/index.php\/wp-json\/wp\/v2\/types\/post"}],"author":[{"embeddable":true,"href":"https:\/\/gruene-nks.de\/index.php\/wp-json\/wp\/v2\/users\/1"}],"replies":[{"embeddable":true,"href":"https:\/\/gruene-nks.de\/index.php\/wp-json\/wp\/v2\/comments?post=1397"}],"version-history":[{"count":3,"href":"https:\/\/gruene-nks.de\/index.php\/wp-json\/wp\/v2\/posts\/1397\/revisions"}],"predecessor-version":[{"id":1963,"href":"https:\/\/gruene-nks.de\/index.php\/wp-json\/wp\/v2\/posts\/1397\/revisions\/1963"}],"wp:attachment":[{"href":"https:\/\/gruene-nks.de\/index.php\/wp-json\/wp\/v2\/media?parent=1397"}],"wp:term":[{"taxonomy":"category","embeddable":true,"href":"https:\/\/gruene-nks.de\/index.php\/wp-json\/wp\/v2\/categories?post=1397"},{"taxonomy":"post_tag","embeddable":true,"href":"https:\/\/gruene-nks.de\/index.php\/wp-json\/wp\/v2\/tags?post=1397"}],"curies":[{"name":"wp","href":"https:\/\/api.w.org\/{rel}","templated":true}]}}