{"id":1622,"date":"2020-08-07T13:49:28","date_gmt":"2020-08-07T11:49:28","guid":{"rendered":"http:\/\/gruene-nks.de\/?p=1622"},"modified":"2020-11-27T12:48:20","modified_gmt":"2020-11-27T11:48:20","slug":"ortsentwicklung","status":"publish","type":"post","link":"https:\/\/gruene-nks.de\/index.php\/2020\/08\/07\/ortsentwicklung\/","title":{"rendered":"Ortsentwicklung"},"content":{"rendered":"\r\n<p><strong>Unsere Position zum Thema Sozialpolitik<\/strong><\/p>\r\n\r\n\r\n\r\n<p>Unsere Gesellschaft ist einem stetigen Wandel unterzogen. Die Vereinbarkeit von Beruf und Familie stellt eine Herausforderung dar. Vor diesem Hintergrund fordern wir f\u00fcr Neunkirchen-Seelscheid einen am Bedarf der Familien ausgerichteten Ausbau des Ganztagsangebots unserer Schulen und Kinderg\u00e4rten.<\/p>\r\n\r\n\r\n\r\n<p>Entsprechend m\u00fcssen vor Ort bedarfsgerecht Betreuungspl\u00e4tze angeboten werden. Die Flexibilisierung von Schlie\u00df- und \u00d6ffnungszeiten der Einrichtungen ist f\u00fcr Tr\u00e4ger und Kommunen eine Herausforderung, erleichtert aber gleichzeitig Eltern, ihren Alltag besser zu organisieren. F\u00fcr die gute Entwicklung der Kinder darf dabei der Ausbau nicht auf Kosten der Qualit\u00e4t der fr\u00fchkindlichen Betreuung gehen. Wir stehen in der Sozialpolitik f\u00fcr den Ausbau von Betreuungspl\u00e4tzen f\u00fcr Kinder ab 1 Jahr.<\/p>\r\n\r\n\r\n\r\n<p>Auch in unserer Gemeinde leben immer mehr Menschen, die nicht mehr \u00fcber ein ausreichendes Einkommen verf\u00fcgen. In diesem Zusammenhang fordern wir eine \u00d6ffnung des Mensabetriebs unserer Gesamtschule f\u00fcr die \u00d6ffentlichkeit, um jedem die M\u00f6glichkeit eines preiswerten und gesunden Mittagessens zu erm\u00f6glichen.<\/p>\r\n\r\n\r\n\r\n<p>Selbstbestimmt und in W\u00fcrde alt werden \u2013 das w\u00fcnschen wir uns alle. Damit dies m\u00f6glich wird, wollen wir barrierefreie und altengerechte Umgebungen schaffen, in denen alle Gesundheits- und Pflegeleistungen im direkten Lebensumfeld angeboten werden. Wir stehen f\u00fcr eine bedarfsgerechte Versorgung und echte gesellschaftliche Teilhabe auch im hohen Alter.<\/p>\r\n\r\n\r\n\r\n<p>&nbsp;<\/p>\r\n\r\n\r\n\r\n<p>Bildquelle: heart-1450300_1920<\/p>\r\n","protected":false},"excerpt":{"rendered":"<p>Unsere Position zum Thema Sozialpolitik Unsere Gesellschaft ist einem stetigen Wandel unterzogen. Die Vereinbarkeit von Beruf und Familie stellt eine Herausforderung dar. Vor diesem Hintergrund fordern wir f\u00fcr Neunkirchen-Seelscheid einen [&hellip;]<\/p>\n","protected":false},"author":-1,"featured_media":1623,"comment_status":"open","ping_status":"open","sticky":false,"template":"","format":"standard","meta":{"footnotes":""},"categories":[88],"tags":[],"class_list":["post-1622","post","type-post","status-publish","format-standard","has-post-thumbnail","hentry","category-ov"],"_links":{"self":[{"href":"https:\/\/gruene-nks.de\/index.php\/wp-json\/wp\/v2\/posts\/1622","targetHints":{"allow":["GET"]}}],"collection":[{"href":"https:\/\/gruene-nks.de\/index.php\/wp-json\/wp\/v2\/posts"}],"about":[{"href":"https:\/\/gruene-nks.de\/index.php\/wp-json\/wp\/v2\/types\/post"}],"author":[{"embeddable":true,"href":"https:\/\/gruene-nks.de\/index.php\/wp-json\/wp\/v2\/users\/1"}],"replies":[{"embeddable":true,"href":"https:\/\/gruene-nks.de\/index.php\/wp-json\/wp\/v2\/comments?post=1622"}],"version-history":[{"count":2,"href":"https:\/\/gruene-nks.de\/index.php\/wp-json\/wp\/v2\/posts\/1622\/revisions"}],"predecessor-version":[{"id":1934,"href":"https:\/\/gruene-nks.de\/index.php\/wp-json\/wp\/v2\/posts\/1622\/revisions\/1934"}],"wp:featuredmedia":[{"embeddable":true,"href":"https:\/\/gruene-nks.de\/index.php\/wp-json\/wp\/v2\/media\/1623"}],"wp:attachment":[{"href":"https:\/\/gruene-nks.de\/index.php\/wp-json\/wp\/v2\/media?parent=1622"}],"wp:term":[{"taxonomy":"category","embeddable":true,"href":"https:\/\/gruene-nks.de\/index.php\/wp-json\/wp\/v2\/categories?post=1622"},{"taxonomy":"post_tag","embeddable":true,"href":"https:\/\/gruene-nks.de\/index.php\/wp-json\/wp\/v2\/tags?post=1622"}],"curies":[{"name":"wp","href":"https:\/\/api.w.org\/{rel}","templated":true}]}}