{"id":1722,"date":"2020-08-19T13:11:00","date_gmt":"2020-08-19T11:11:00","guid":{"rendered":"http:\/\/gruene-nks.de\/?p=1722"},"modified":"2020-11-27T12:47:19","modified_gmt":"2020-11-27T11:47:19","slug":"nachbericht-wald-in-not","status":"publish","type":"post","link":"https:\/\/gruene-nks.de\/index.php\/2020\/08\/19\/nachbericht-wald-in-not\/","title":{"rendered":"Nachbericht &#8211; Wald in Not"},"content":{"rendered":"\r\n<p>Unser zweiter Waldspaziergang letzten Sonntag f\u00fchrte uns wieder mal vor Augen, dass nicht viel von dem, was der Mensch tut, auch f\u00fcr die Natur und das Klima gut ist.<\/p>\r\n\r\n\r\n\r\n<p>Unser Baumexperte Friedhelm H\u00fcrten zeigte uns die \u201eabger\u00e4umten\u201c Fichtenbest\u00e4nde bei Hennef-B\u00f6dingen. Die abgeholzten Fichten werden in Container verladen, nach China verschifft und erst dort weiter verarbeitet. Dadurch w\u00fcrde der Wald vom CO\u00b2-Verbraucher unfreiwillig zum CO\u00b2-Produzenten, so Herr H\u00fcrten.<\/p>\r\n\r\n\r\n\r\n<p>Wenn die toten Fichten stehen- oder liegenblieben, k\u00f6nnten sie zumindest Schattenspender f\u00fcr die aufwachsenden neuen B\u00e4ume sein bzw. die wenige Feuchtigkeit, die es noch im Boden gibt, k\u00f6nnte besser bewahrt werden. Die sogenannten R\u00fcckegassen, die als Schneisen in das abzur\u00e4umende St\u00fcck gefahren werden, verdichten den Boden nachhaltig f\u00fcr tausende von Jahren. Der Boden wird an diesen Stellen wasserundurchl\u00e4ssig und die oberfl\u00e4chliche d\u00fcnne Humusschicht wird an H\u00e4ngen schnell abgetragen. Deshalb pl\u00e4dierte Herr H\u00fcrten f\u00fcr eine Abstandsvergr\u00f6\u00dferung der\u00a0 R\u00fcckegassen auf 40 Meter.<\/p>\r\n\r\n\r\n\r\n<p>Eine wirkliche Alternative f\u00fcr unser Klima w\u00e4re es aber, gar nicht \u201eabzur\u00e4umen\u201c. Um aber den toten Wald sich selbst zu \u00fcberlassen und eben nicht ordentlich aufzur\u00e4umen, braucht es ein Umdenken der Menschen. Das braucht wieder Zeit. Ob wir diese Zeit aber angesichts des rasanten Klimawandels noch haben werden, wird sich zeigen.<\/p>\r\n\r\n\r\n\r\n<p>(Foto: Lucas Bau)<\/p>\r\n","protected":false},"excerpt":{"rendered":"<p>Unser zweiter Waldspaziergang letzten Sonntag f\u00fchrte uns wieder mal vor Augen, dass nicht viel von dem, was der Mensch tut, auch f\u00fcr die Natur und das Klima gut ist. Unser [&hellip;]<\/p>\n","protected":false},"author":-1,"featured_media":1723,"comment_status":"open","ping_status":"open","sticky":false,"template":"","format":"standard","meta":{"footnotes":""},"categories":[88],"tags":[],"class_list":["post-1722","post","type-post","status-publish","format-standard","has-post-thumbnail","hentry","category-ov"],"_links":{"self":[{"href":"https:\/\/gruene-nks.de\/index.php\/wp-json\/wp\/v2\/posts\/1722","targetHints":{"allow":["GET"]}}],"collection":[{"href":"https:\/\/gruene-nks.de\/index.php\/wp-json\/wp\/v2\/posts"}],"about":[{"href":"https:\/\/gruene-nks.de\/index.php\/wp-json\/wp\/v2\/types\/post"}],"author":[{"embeddable":true,"href":"https:\/\/gruene-nks.de\/index.php\/wp-json\/wp\/v2\/users\/1"}],"replies":[{"embeddable":true,"href":"https:\/\/gruene-nks.de\/index.php\/wp-json\/wp\/v2\/comments?post=1722"}],"version-history":[{"count":3,"href":"https:\/\/gruene-nks.de\/index.php\/wp-json\/wp\/v2\/posts\/1722\/revisions"}],"predecessor-version":[{"id":1932,"href":"https:\/\/gruene-nks.de\/index.php\/wp-json\/wp\/v2\/posts\/1722\/revisions\/1932"}],"wp:featuredmedia":[{"embeddable":true,"href":"https:\/\/gruene-nks.de\/index.php\/wp-json\/wp\/v2\/media\/1723"}],"wp:attachment":[{"href":"https:\/\/gruene-nks.de\/index.php\/wp-json\/wp\/v2\/media?parent=1722"}],"wp:term":[{"taxonomy":"category","embeddable":true,"href":"https:\/\/gruene-nks.de\/index.php\/wp-json\/wp\/v2\/categories?post=1722"},{"taxonomy":"post_tag","embeddable":true,"href":"https:\/\/gruene-nks.de\/index.php\/wp-json\/wp\/v2\/tags?post=1722"}],"curies":[{"name":"wp","href":"https:\/\/api.w.org\/{rel}","templated":true}]}}