{"id":1787,"date":"2020-09-18T09:54:18","date_gmt":"2020-09-18T07:54:18","guid":{"rendered":"http:\/\/gruene-nks.de\/?p=1787"},"modified":"2020-11-27T12:46:17","modified_gmt":"2020-11-27T11:46:17","slug":"wahlnachlese-freude-ueber-den-guten-erfolg","status":"publish","type":"post","link":"https:\/\/gruene-nks.de\/index.php\/2020\/09\/18\/wahlnachlese-freude-ueber-den-guten-erfolg\/","title":{"rendered":"Wahlnachlese &#8211; Freude \u00fcber den guten Erfolg"},"content":{"rendered":"\r\n<p>Die GR\u00dcNEN haben sich am Dienstag in dieser Woche zu einer &#8222;Wahlnachlese&#8220; getroffen. Es waren alle Wahlkampf Aktiven anwesend. Die Ortsverbandsvorsitzenden Astrid Normann und Petra Petersen bedankten sich bei allen Mitgliedern f\u00fcr das sehr gute Ergebnis von 22,46%, ein Plus von 7,01%. Freude herrschte auch dar\u00fcber, dass Frau Palonen-Hei\u00dfe in den Kreistag gew\u00e4hlt wurde.<\/p>\r\n\r\n\r\n\r\n<p>Alle alten und neuen Ratsmitglieder waren anwesend. Es wurde \u00fcber die anstehenden zuk\u00fcnftigen Aufgaben und Schwerpunkte diskutiert. Es bestand und besteht Konsens dar\u00fcber, dass unser Wahlprogramm Richtschnur f\u00fcr die kommende Ratsarbeit ist. Deshalb wird eine &#8222;Koalition&#8220; mit CDU oder SPD nicht angestrebt. Bei der Ausrichtung zur Sachthemenarbeit m\u00fcssen nat\u00fcrlich Mehrheiten gefunden werden, die unsere Ziele mittragen k\u00f6nnen.<\/p>\r\n\r\n\r\n\r\n<p>Als einer der n\u00e4chsten wichtigen Schwerpunkte stand auch das Nahw\u00e4rmenetz f\u00fcr Rathaus, Schulen, Turnhallen, Mensa und Selbstlernzentrum zur Debatte, da in der n\u00e4chsten Ratssitzung der Planungsauftrag vergeben werden soll. Hier wurde in letzter Zeit die Machbarkeitsstudie der Rhenag vorgestellt. Rhenag hat in Bezug auf die Energieversorgung dieser Geb\u00e4ude noch Contracting Vertr\u00e4ge bis Aug. 2023.<\/p>\r\n\r\n\r\n\r\n<p>Wir GR\u00dcNE sind der Auffassung, dass bei der Vergabe Planungsauftrag Selbstlernzentrum in Bezug auf Heizung, Energieversorgung ein entsprechender Fachplaner mit einbezogen werden muss, der die M\u00f6glichkeiten eines Nahw\u00e4rmenetzes mit einbezieht und ber\u00fccksichtigt; mit Kostenvergleich f\u00fcr die n\u00e4chsten 15 zuk\u00fcnftigen Jahre. Hier werden wir zur Ratssitzung noch einen entsprechenden Antrag einbringen.<\/p>\r\n\r\n\r\n\r\n<p>Ein weiterer aktueller Punkt ist nat\u00fcrlich das Wohnprojekt mit Parkpl\u00e4tzen gegen\u00fcber dem Rathaus. Einer Baumf\u00e4llung k\u00f6nnen wir GR\u00dcNE nat\u00fcrlich nicht zustimmen. Hier muss nochmal mit der Feuerwehr in Bezug auf Leitereinsatz im Brandfall die M\u00f6glichkeiten \u00fcberpr\u00fcft werden.<\/p>\r\n\r\n\r\n\r\n<p>Wir w\u00fcnschen allen f\u00fcr die Zukunft eine friedvolle gesunde Zeit.<\/p>\r\n\r\n\r\n\r\n<p>Gunter Gallasch<\/p>\r\n\r\n\r\n\r\n<p>&nbsp;<\/p>\r\n\r\n\r\n\r\n<p>(Bild: pixabay, 95C)<\/p>\r\n","protected":false},"excerpt":{"rendered":"<p>Die GR\u00dcNEN haben sich am Dienstag in dieser Woche zu einer &#8222;Wahlnachlese&#8220; getroffen. Es waren alle Wahlkampf Aktiven anwesend. Die Ortsverbandsvorsitzenden Astrid Normann und Petra Petersen bedankten sich bei allen [&hellip;]<\/p>\n","protected":false},"author":-1,"featured_media":1788,"comment_status":"open","ping_status":"open","sticky":false,"template":"","format":"standard","meta":{"footnotes":""},"categories":[88],"tags":[],"class_list":["post-1787","post","type-post","status-publish","format-standard","has-post-thumbnail","hentry","category-ov"],"_links":{"self":[{"href":"https:\/\/gruene-nks.de\/index.php\/wp-json\/wp\/v2\/posts\/1787","targetHints":{"allow":["GET"]}}],"collection":[{"href":"https:\/\/gruene-nks.de\/index.php\/wp-json\/wp\/v2\/posts"}],"about":[{"href":"https:\/\/gruene-nks.de\/index.php\/wp-json\/wp\/v2\/types\/post"}],"author":[{"embeddable":true,"href":"https:\/\/gruene-nks.de\/index.php\/wp-json\/wp\/v2\/users\/1"}],"replies":[{"embeddable":true,"href":"https:\/\/gruene-nks.de\/index.php\/wp-json\/wp\/v2\/comments?post=1787"}],"version-history":[{"count":2,"href":"https:\/\/gruene-nks.de\/index.php\/wp-json\/wp\/v2\/posts\/1787\/revisions"}],"predecessor-version":[{"id":1930,"href":"https:\/\/gruene-nks.de\/index.php\/wp-json\/wp\/v2\/posts\/1787\/revisions\/1930"}],"wp:featuredmedia":[{"embeddable":true,"href":"https:\/\/gruene-nks.de\/index.php\/wp-json\/wp\/v2\/media\/1788"}],"wp:attachment":[{"href":"https:\/\/gruene-nks.de\/index.php\/wp-json\/wp\/v2\/media?parent=1787"}],"wp:term":[{"taxonomy":"category","embeddable":true,"href":"https:\/\/gruene-nks.de\/index.php\/wp-json\/wp\/v2\/categories?post=1787"},{"taxonomy":"post_tag","embeddable":true,"href":"https:\/\/gruene-nks.de\/index.php\/wp-json\/wp\/v2\/tags?post=1787"}],"curies":[{"name":"wp","href":"https:\/\/api.w.org\/{rel}","templated":true}]}}