{"id":1802,"date":"2020-10-02T08:04:06","date_gmt":"2020-10-02T06:04:06","guid":{"rendered":"http:\/\/gruene-nks.de\/?p=1802"},"modified":"2020-11-27T12:44:53","modified_gmt":"2020-11-27T11:44:53","slug":"es-wurde-die-gruene-zukunft-gewaehlt","status":"publish","type":"post","link":"https:\/\/gruene-nks.de\/index.php\/2020\/10\/02\/es-wurde-die-gruene-zukunft-gewaehlt\/","title":{"rendered":"Es wurde die GR\u00dcNE Zukunft gew\u00e4hlt."},"content":{"rendered":"\r\n<p>Mit landesweit 20% (Neunkirchen-Seelscheid 22,46%) und 4 Oberb\u00fcrgermeister*innen und 11 B\u00fcrgermeister*innen gestalten wir in den Rath\u00e4usern das Morgen. Katja D\u00f6rner ist Bonns neue Oberb\u00fcrgermeisterin.<\/p>\r\n\r\n\r\n\r\n<p>Prof. Dr. Uwe Schneidewind in Wuppertal sagt: \u201eLassen Sie uns nicht nur eine andere Form von Politik f\u00fcr Wuppertal auf den Weg bringen, sondern auch ein neues Zusammenwirken von Politik, Verwaltung und B\u00fcrgergesellschaft!\u00a0Ein solcher Weg ist eine Einladung, die \u00fcber das mich tragende schwarz-gr\u00fcne Kernb\u00fcndnis hinausreicht. Sie richtet sich an alle demokratischen Fraktionen, an die Verwaltung und an alle Wuppertalerinnen und Wuppertaler, die diese wunderbare Stadt in den kommenden Jahren aktiv mitgestalten m\u00f6chten. Lassen Sie uns diese Chance ergreifen.\u201c<\/p>\r\n\r\n\r\n\r\n<p>Am Freitag um 11:30 Uhr kam unsere Bundesvorsitzende Annalena Baerbock nach Lohmar, um Claudia Wieja bei der Stichwahl am 27. September zu unterst\u00fctzen. Claudia Wieja wurde in Lohmar zur B\u00fcrgermeisterin gew\u00e4hlt. Herzlichen Gl\u00fcckwunsch!<\/p>\r\n\r\n\r\n\r\n<p>Wir GR\u00dcNEN haben einen tollen Wahlkampf gemacht! Unsere Argumente gegen \u201eWeiter so\u201c wurden ohne weiteres angenommen. In den letzten zwei Wochen haben die stichwahlk\u00e4mpfenden Orts- und Kreisverb\u00e4nde alles gegeben und dabei jede Menge Unterst\u00fctzung von Gr\u00fcnen aus ganz NRW erhalten. \u201e<strong>Ihr alle habt m\u00f6glich gemacht, dass in NRW ein neues Kapitel aufgeschlagen wird.\u201c <\/strong>Sagen Mona Neubaur und Felix Banaszak im Namen des ganzen Landesvorstandes sowie das Team der Landesgesch\u00e4ftsstelle.<\/p>\r\n\r\n\r\n\r\n<p>Wir freuen uns sehr auf den frischen GR\u00dcNEN Wind bei uns in Neunkirchen-Seelscheid!<\/p>\r\n\r\n\r\n\r\n<p>Tarja Palonen-Hei\u00dfe<\/p>\r\n\r\n\r\n\r\n<p>Fraktionsvorsitzende<\/p>\r\n","protected":false},"excerpt":{"rendered":"<p>Mit landesweit 20% (Neunkirchen-Seelscheid 22,46%) und 4 Oberb\u00fcrgermeister*innen und 11 B\u00fcrgermeister*innen gestalten wir in den Rath\u00e4usern das Morgen. Katja D\u00f6rner ist Bonns neue Oberb\u00fcrgermeisterin. Prof. Dr. Uwe Schneidewind in Wuppertal [&hellip;]<\/p>\n","protected":false},"author":-1,"featured_media":1803,"comment_status":"open","ping_status":"open","sticky":false,"template":"","format":"standard","meta":{"footnotes":""},"categories":[88],"tags":[],"class_list":["post-1802","post","type-post","status-publish","format-standard","has-post-thumbnail","hentry","category-ov"],"_links":{"self":[{"href":"https:\/\/gruene-nks.de\/index.php\/wp-json\/wp\/v2\/posts\/1802","targetHints":{"allow":["GET"]}}],"collection":[{"href":"https:\/\/gruene-nks.de\/index.php\/wp-json\/wp\/v2\/posts"}],"about":[{"href":"https:\/\/gruene-nks.de\/index.php\/wp-json\/wp\/v2\/types\/post"}],"author":[{"embeddable":true,"href":"https:\/\/gruene-nks.de\/index.php\/wp-json\/wp\/v2\/users\/1"}],"replies":[{"embeddable":true,"href":"https:\/\/gruene-nks.de\/index.php\/wp-json\/wp\/v2\/comments?post=1802"}],"version-history":[{"count":2,"href":"https:\/\/gruene-nks.de\/index.php\/wp-json\/wp\/v2\/posts\/1802\/revisions"}],"predecessor-version":[{"id":1928,"href":"https:\/\/gruene-nks.de\/index.php\/wp-json\/wp\/v2\/posts\/1802\/revisions\/1928"}],"wp:featuredmedia":[{"embeddable":true,"href":"https:\/\/gruene-nks.de\/index.php\/wp-json\/wp\/v2\/media\/1803"}],"wp:attachment":[{"href":"https:\/\/gruene-nks.de\/index.php\/wp-json\/wp\/v2\/media?parent=1802"}],"wp:term":[{"taxonomy":"category","embeddable":true,"href":"https:\/\/gruene-nks.de\/index.php\/wp-json\/wp\/v2\/categories?post=1802"},{"taxonomy":"post_tag","embeddable":true,"href":"https:\/\/gruene-nks.de\/index.php\/wp-json\/wp\/v2\/tags?post=1802"}],"curies":[{"name":"wp","href":"https:\/\/api.w.org\/{rel}","templated":true}]}}