{"id":1877,"date":"2016-02-10T23:23:50","date_gmt":"2016-02-10T22:23:50","guid":{"rendered":"https:\/\/gruene-nks.de\/?p=1877"},"modified":"2020-11-26T00:11:15","modified_gmt":"2020-11-25T23:11:15","slug":"antrag-zum-ikk-integriertes-klimaschutzkonzept-radwegekonzept","status":"publish","type":"post","link":"https:\/\/gruene-nks.de\/index.php\/2016\/02\/10\/antrag-zum-ikk-integriertes-klimaschutzkonzept-radwegekonzept\/","title":{"rendered":"Antrag zum IKK (Integriertes Klimaschutzkonzept) Radwegekonzept"},"content":{"rendered":"<p>Neunkirchen, den 10.02.2016<\/p>\n<p><strong>Antrag zum IKK <\/strong>(Integriertes Klimaschutzkonzept) <strong>Radwegekonzept <\/strong><\/p>\n<p><strong>Antragstellung<\/strong>:<\/p>\n<p>Wir bitten um Darstellung der gesamten Radwegesituation in Neunkirchen-Seelscheid, zum Zwecke der Erstellung eines Gesamtkonzeptes. Besonders sind dabei B\u00fcrgerinnen und B\u00fcrger durch Mitwirkung zu beteiligen. (Infoveranstaltungen, etc.)<\/p>\n<p>Hier bitten wir um Festlegung der Reihenfolge, wie diese \u201eBauabschnitte\u201c abgearbeitet werden sollen.<\/p>\n<p>Die Fraktion B\u00b490\/GR\u00dcNE sehen die Streckenverbindungen Neunkirchen-Pohlhausen, Pohlhausen-Seelscheid und Mohlscheid- Nackhausen- Seelscheid als vordringlich an.<\/p>\n<p>Ferner sind die vorhandenen Radwege deutlicher zu markieren (Farbmarkierung, Beschilderung)<\/p>\n<p>Dabei ist auch ein besonderes Augenmerk auf sichere Schulradwege zu den Schulen und Sportpl\u00e4tzen zu legen.<\/p>\n<p><strong>Begr\u00fcndung<\/strong>:<\/p>\n<p>Im Zuge der Aktivit\u00e4ten zum Thema Klimaschutz, als Beitrag zur Schadstoffminimierung, ist es erforderlich, nach und nach den B\u00fcrgerinnen und B\u00fcrgern ein sicheres Radwegenetz zur Verf\u00fcgung zu stellen.<\/p>\n<p>Dies sollte auch beim \u201eRunden Tisch Klima\u201c ein Besprechungspunkt sein.<\/p>\n<p><strong>Finanzierung:<\/strong><\/p>\n<p>Das Konzept soll dazu beitragen Antr\u00e4ge an \u201e\u00f6ffentliche F\u00f6rdert\u00f6pfe\u201c stellen zu k\u00f6nnen. N\u00e4chster Antrags- Termin ist sp\u00e4testens der 31.03.2016<\/p>\n<p>Siehe auch Kommunalrichtlinie unter Punkt 3: http:\/\/www.klimaschutz.de\/sites\/default\/files\/page\/downloads\/mb_investive_massnahmen.pdf<\/p>\n","protected":false},"excerpt":{"rendered":"<p>Neunkirchen, den 10.02.2016 Antrag zum IKK (Integriertes Klimaschutzkonzept) Radwegekonzept Antragstellung: Wir bitten um Darstellung der gesamten Radwegesituation in Neunkirchen-Seelscheid, zum Zwecke der Erstellung eines Gesamtkonzeptes. Besonders sind dabei B\u00fcrgerinnen und [&hellip;]<\/p>\n","protected":false},"author":-1,"featured_media":0,"comment_status":"open","ping_status":"open","sticky":false,"template":"","format":"standard","meta":{"footnotes":""},"categories":[84],"tags":[92,26,93,94],"class_list":["post-1877","post","type-post","status-publish","format-standard","hentry","category-antraege","tag-antraege","tag-fahrrad","tag-ikk","tag-radwege"],"_links":{"self":[{"href":"https:\/\/gruene-nks.de\/index.php\/wp-json\/wp\/v2\/posts\/1877","targetHints":{"allow":["GET"]}}],"collection":[{"href":"https:\/\/gruene-nks.de\/index.php\/wp-json\/wp\/v2\/posts"}],"about":[{"href":"https:\/\/gruene-nks.de\/index.php\/wp-json\/wp\/v2\/types\/post"}],"author":[{"embeddable":true,"href":"https:\/\/gruene-nks.de\/index.php\/wp-json\/wp\/v2\/users\/1"}],"replies":[{"embeddable":true,"href":"https:\/\/gruene-nks.de\/index.php\/wp-json\/wp\/v2\/comments?post=1877"}],"version-history":[{"count":1,"href":"https:\/\/gruene-nks.de\/index.php\/wp-json\/wp\/v2\/posts\/1877\/revisions"}],"predecessor-version":[{"id":1878,"href":"https:\/\/gruene-nks.de\/index.php\/wp-json\/wp\/v2\/posts\/1877\/revisions\/1878"}],"wp:attachment":[{"href":"https:\/\/gruene-nks.de\/index.php\/wp-json\/wp\/v2\/media?parent=1877"}],"wp:term":[{"taxonomy":"category","embeddable":true,"href":"https:\/\/gruene-nks.de\/index.php\/wp-json\/wp\/v2\/categories?post=1877"},{"taxonomy":"post_tag","embeddable":true,"href":"https:\/\/gruene-nks.de\/index.php\/wp-json\/wp\/v2\/tags?post=1877"}],"curies":[{"name":"wp","href":"https:\/\/api.w.org\/{rel}","templated":true}]}}