{"id":1880,"date":"2016-02-29T23:35:43","date_gmt":"2016-02-29T22:35:43","guid":{"rendered":"https:\/\/gruene-nks.de\/?p=1880"},"modified":"2020-11-26T00:10:53","modified_gmt":"2020-11-25T23:10:53","slug":"bebauungsplan-neunkirchen-sued-3-aenderung","status":"publish","type":"post","link":"https:\/\/gruene-nks.de\/index.php\/2016\/02\/29\/bebauungsplan-neunkirchen-sued-3-aenderung\/","title":{"rendered":"Bebauungsplan Neunkirchen S\u00fcd 3. \u00c4nderung"},"content":{"rendered":"<p>Neunkirchen, den 29.2.2016<\/p>\n<p><strong>Erg\u00e4nzend zum St\u00e4dtebaulichen Vertrag stellt die Fraktion B\u00b490\/ DIE GR\u00dcNEN folgenden Antrag:<\/strong><\/p>\n<p>Die im Bebauungsplan Neunkirchen S\u00fcd 3. \u00c4nderung ausgewiesene Photovoltaik-Fl\u00e4che, wird in gleicher Gr\u00f6\u00dfenordnung in den st\u00e4dtebaulichen Vertrag als Anhang zur 4. B-Plan-\u00c4nderung Neunkirchen- S\u00fcd, \u00fcbernommen. Die PV- Anlagen k\u00f6nnen auf den Dachfl\u00e4chen oder Anderswo ausgewiesen und installiert werden. Die technische Umsetzung sollte in den n\u00e4chsten 2 \u2013 3 Jahren erfolgen.<br \/>\nBegr\u00fcndung: Klimaschutz-wirksame Kompensation der weggefallenen PV- Fl\u00e4chen.<\/p>\n<p>Anmerkung: Wir sind immer noch der Meinung, dass die in der letzten Ratssitzung vorgenommene Entscheidung zur Vertagung der Entscheidung \u00fcber den st\u00e4dtebaulichen Vertrag hinsichtlich des Thurn-Gel\u00e4ndes nicht korrekt erfolgt ist, da der st\u00e4dtebauliche Vertrag unser Ansicht nach vorab entschieden werden m\u00fcsste. Wir behalten uns deshalb eine rechtliche \u00dcberpr\u00fcfung dieses Vorgangs durch die Aufsichtsbeh\u00f6rden vor.<\/p>\n","protected":false},"excerpt":{"rendered":"<p>Neunkirchen, den 29.2.2016 Erg\u00e4nzend zum St\u00e4dtebaulichen Vertrag stellt die Fraktion B\u00b490\/ DIE GR\u00dcNEN folgenden Antrag: Die im Bebauungsplan Neunkirchen S\u00fcd 3. \u00c4nderung ausgewiesene Photovoltaik-Fl\u00e4che, wird in gleicher Gr\u00f6\u00dfenordnung in den [&hellip;]<\/p>\n","protected":false},"author":-1,"featured_media":0,"comment_status":"open","ping_status":"open","sticky":false,"template":"","format":"standard","meta":{"footnotes":""},"categories":[84],"tags":[92,30,95],"class_list":["post-1880","post","type-post","status-publish","format-standard","hentry","category-antraege","tag-antraege","tag-bebauung","tag-neunkirchen-sued"],"_links":{"self":[{"href":"https:\/\/gruene-nks.de\/index.php\/wp-json\/wp\/v2\/posts\/1880","targetHints":{"allow":["GET"]}}],"collection":[{"href":"https:\/\/gruene-nks.de\/index.php\/wp-json\/wp\/v2\/posts"}],"about":[{"href":"https:\/\/gruene-nks.de\/index.php\/wp-json\/wp\/v2\/types\/post"}],"author":[{"embeddable":true,"href":"https:\/\/gruene-nks.de\/index.php\/wp-json\/wp\/v2\/users\/1"}],"replies":[{"embeddable":true,"href":"https:\/\/gruene-nks.de\/index.php\/wp-json\/wp\/v2\/comments?post=1880"}],"version-history":[{"count":1,"href":"https:\/\/gruene-nks.de\/index.php\/wp-json\/wp\/v2\/posts\/1880\/revisions"}],"predecessor-version":[{"id":1881,"href":"https:\/\/gruene-nks.de\/index.php\/wp-json\/wp\/v2\/posts\/1880\/revisions\/1881"}],"wp:attachment":[{"href":"https:\/\/gruene-nks.de\/index.php\/wp-json\/wp\/v2\/media?parent=1880"}],"wp:term":[{"taxonomy":"category","embeddable":true,"href":"https:\/\/gruene-nks.de\/index.php\/wp-json\/wp\/v2\/categories?post=1880"},{"taxonomy":"post_tag","embeddable":true,"href":"https:\/\/gruene-nks.de\/index.php\/wp-json\/wp\/v2\/tags?post=1880"}],"curies":[{"name":"wp","href":"https:\/\/api.w.org\/{rel}","templated":true}]}}