{"id":1884,"date":"2016-04-05T23:38:41","date_gmt":"2016-04-05T21:38:41","guid":{"rendered":"https:\/\/gruene-nks.de\/?p=1884"},"modified":"2020-11-26T00:10:09","modified_gmt":"2020-11-25T23:10:09","slug":"vorschlag-zum-klimaschutzkonzept-der-fraktion","status":"publish","type":"post","link":"https:\/\/gruene-nks.de\/index.php\/2016\/04\/05\/vorschlag-zum-klimaschutzkonzept-der-fraktion\/","title":{"rendered":"Vorschlag zum Klimaschutzkonzept der Fraktion"},"content":{"rendered":"<p>Neunkirchen, den 5.4.2016<\/p>\n<p><strong>Vorschlag zum Klimaschutzkonzept der Fraktion<\/strong><\/p>\n<p>B\u00dcNDNIS 90 \/ DIE GR\u00dcNEN<\/p>\n<p>Die Konzepte der Fraktion B\u00fcndnis90\/Die Gr\u00fcnen zielen grunds\u00e4tzlich auf die unmittelbare Umsetzung bereits vorhandener Technologien zur Ressourcenschonung ab. Es liegt uns fern, hier auf den \u201eStein der Weisen\u201c in Form einer universellen Ideall\u00f6sung zu warten.<\/p>\n<p>Naturgem\u00e4\u00df spielen die M\u00f6glichkeiten zur Energiesparsamkeit und Verbrauchssenkung die gr\u00f6\u00dfte Rolle bei realistischen L\u00f6sungsans\u00e4tzen. Der Heizenergiesektor birgt hier enormes Einsparpotential, das st\u00e4rker genutzt werden kann.<\/p>\n<ul>\n<li>Als konkretes kommunales Projekt stellen wir uns ein integriertes W\u00e4rme- und Energienutzungskonzept f\u00fcr den kommunalen Geb\u00e4udekomplex, bestehend aus Rathaus, Gesamtschule, Grundschule, Mensa und den Turnhallen, vor.<\/li>\n<\/ul>\n<ul>\n<li>Als weitere M\u00f6glichkeit f\u00fcr einen Energie- und W\u00e4rmeverbund k\u00e4me die Integration von Antoniuskolleg, Aquarena, Turnhalle, neues Feuerwehrhaus und gegebenenfalls die Geb\u00e4ude der Firma Thurn in Frage.<\/li>\n<\/ul>\n<p>Unseres Erachtens bietet sich f\u00fcr diese Gr\u00f6\u00dfenordnung folgende Kombination am Markt verf\u00fcgbarer Technologien an:<\/p>\n<p>gro\u00dffl\u00e4chige Nutzung der vorhandenen Dachfl\u00e4chen durch Photovoltaik als prim\u00e4re Energiequelle, im Verbund mit einem passenden Redox-Flow-Speicher und einem Pellet- oder Hackschnitzel-betriebenen Blockheizkraftwerk als Reservepuffer.<\/p>\n<p>Weiterhin muss der Einsatz von Tiefen-Geothermie ernsthaft gepr\u00fcft werden. Wie bereits 2015 auf einer diesbez\u00fcglichen Fachtagung in Essen deutlich wurde, ist unsere Gemeinde hierf\u00fcr geradezu pr\u00e4destiniert.<\/p>\n<p>Begleitet werden soll ein solches Projekt durch die Energieagentur NRW, die ihre Dienste f\u00fcr solche Entwicklungen ausdr\u00fccklich anbietet und die F\u00f6rderm\u00f6glichkeiten kennt.<\/p>\n","protected":false},"excerpt":{"rendered":"<p>Neunkirchen, den 5.4.2016 Vorschlag zum Klimaschutzkonzept der Fraktion B\u00dcNDNIS 90 \/ DIE GR\u00dcNEN Die Konzepte der Fraktion B\u00fcndnis90\/Die Gr\u00fcnen zielen grunds\u00e4tzlich auf die unmittelbare Umsetzung bereits vorhandener Technologien zur Ressourcenschonung [&hellip;]<\/p>\n","protected":false},"author":-1,"featured_media":0,"comment_status":"open","ping_status":"open","sticky":false,"template":"","format":"standard","meta":{"footnotes":""},"categories":[84],"tags":[92,97,20,96],"class_list":["post-1884","post","type-post","status-publish","format-standard","hentry","category-antraege","tag-antraege","tag-bauvorhaben","tag-klimaschutz","tag-klimaschutzkonzept"],"_links":{"self":[{"href":"https:\/\/gruene-nks.de\/index.php\/wp-json\/wp\/v2\/posts\/1884","targetHints":{"allow":["GET"]}}],"collection":[{"href":"https:\/\/gruene-nks.de\/index.php\/wp-json\/wp\/v2\/posts"}],"about":[{"href":"https:\/\/gruene-nks.de\/index.php\/wp-json\/wp\/v2\/types\/post"}],"author":[{"embeddable":true,"href":"https:\/\/gruene-nks.de\/index.php\/wp-json\/wp\/v2\/users\/1"}],"replies":[{"embeddable":true,"href":"https:\/\/gruene-nks.de\/index.php\/wp-json\/wp\/v2\/comments?post=1884"}],"version-history":[{"count":1,"href":"https:\/\/gruene-nks.de\/index.php\/wp-json\/wp\/v2\/posts\/1884\/revisions"}],"predecessor-version":[{"id":1885,"href":"https:\/\/gruene-nks.de\/index.php\/wp-json\/wp\/v2\/posts\/1884\/revisions\/1885"}],"wp:attachment":[{"href":"https:\/\/gruene-nks.de\/index.php\/wp-json\/wp\/v2\/media?parent=1884"}],"wp:term":[{"taxonomy":"category","embeddable":true,"href":"https:\/\/gruene-nks.de\/index.php\/wp-json\/wp\/v2\/categories?post=1884"},{"taxonomy":"post_tag","embeddable":true,"href":"https:\/\/gruene-nks.de\/index.php\/wp-json\/wp\/v2\/tags?post=1884"}],"curies":[{"name":"wp","href":"https:\/\/api.w.org\/{rel}","templated":true}]}}