{"id":1888,"date":"2018-03-14T23:42:11","date_gmt":"2018-03-14T22:42:11","guid":{"rendered":"https:\/\/gruene-nks.de\/?p=1888"},"modified":"2020-11-26T00:09:21","modified_gmt":"2020-11-25T23:09:21","slug":"anfrage-instandsetzung-umkleide-hoefferhof","status":"publish","type":"post","link":"https:\/\/gruene-nks.de\/index.php\/2018\/03\/14\/anfrage-instandsetzung-umkleide-hoefferhof\/","title":{"rendered":"Anfrage Instandsetzung Umkleide H\u00f6fferhof"},"content":{"rendered":"<p>Neunkirchen, den 14.03.2018<\/p>\n<p><strong>Anfrage<\/strong><\/p>\n<p>Hiermit fragen wir an, ob und wann voraussichtlich die Dusch- und Umkleider\u00e4ume auf der Sportanlage H\u00f6fferhof saniert werden k\u00f6nnen. Die Verwaltung m\u00f6chte bitte pr\u00fcfen, ob es m\u00f6glich ist, mit geringem Aufwand zu einem gebrauchst\u00fcchtigen Zustand zu kommen. Hierbei ist darzustellen, durch welche Mittel die Instandsetzung erfolgen k\u00f6nnte.<br \/>\nDabei wurde \u00fcberlegt, dass Mittel aus dem Bereich Fl\u00fcchtlingswohnen und Sanierung bereit zu stellen w\u00e4ren, da die H\u00f6fferhof R\u00e4umlichkeiten zur Unterbringung von Fl\u00fcchtlingen verwendet wurden.<br \/>\nNat\u00fcrlich ist uns bekannt, dass auch schon vor der vorgenannten Unterbringung, die R\u00e4umlichkeiten nicht in einem besten Zustand waren.<br \/>\nNat\u00fcrlich kann es auf l\u00e4ngere Sicht ggf. g\u00fcnstiger sein, einen Neubau zu erstellen.<\/p>\n","protected":false},"excerpt":{"rendered":"<p>Neunkirchen, den 14.03.2018 Anfrage Hiermit fragen wir an, ob und wann voraussichtlich die Dusch- und Umkleider\u00e4ume auf der Sportanlage H\u00f6fferhof saniert werden k\u00f6nnen. Die Verwaltung m\u00f6chte bitte pr\u00fcfen, ob es [&hellip;]<\/p>\n","protected":false},"author":-1,"featured_media":0,"comment_status":"open","ping_status":"open","sticky":false,"template":"","format":"standard","meta":{"footnotes":""},"categories":[84],"tags":[100,92,54],"class_list":["post-1888","post","type-post","status-publish","format-standard","hentry","category-antraege","tag-anfrage","tag-antraege","tag-hoefferhof"],"_links":{"self":[{"href":"https:\/\/gruene-nks.de\/index.php\/wp-json\/wp\/v2\/posts\/1888","targetHints":{"allow":["GET"]}}],"collection":[{"href":"https:\/\/gruene-nks.de\/index.php\/wp-json\/wp\/v2\/posts"}],"about":[{"href":"https:\/\/gruene-nks.de\/index.php\/wp-json\/wp\/v2\/types\/post"}],"author":[{"embeddable":true,"href":"https:\/\/gruene-nks.de\/index.php\/wp-json\/wp\/v2\/users\/1"}],"replies":[{"embeddable":true,"href":"https:\/\/gruene-nks.de\/index.php\/wp-json\/wp\/v2\/comments?post=1888"}],"version-history":[{"count":1,"href":"https:\/\/gruene-nks.de\/index.php\/wp-json\/wp\/v2\/posts\/1888\/revisions"}],"predecessor-version":[{"id":1889,"href":"https:\/\/gruene-nks.de\/index.php\/wp-json\/wp\/v2\/posts\/1888\/revisions\/1889"}],"wp:attachment":[{"href":"https:\/\/gruene-nks.de\/index.php\/wp-json\/wp\/v2\/media?parent=1888"}],"wp:term":[{"taxonomy":"category","embeddable":true,"href":"https:\/\/gruene-nks.de\/index.php\/wp-json\/wp\/v2\/categories?post=1888"},{"taxonomy":"post_tag","embeddable":true,"href":"https:\/\/gruene-nks.de\/index.php\/wp-json\/wp\/v2\/tags?post=1888"}],"curies":[{"name":"wp","href":"https:\/\/api.w.org\/{rel}","templated":true}]}}