{"id":1906,"date":"2020-02-12T23:57:41","date_gmt":"2020-02-12T22:57:41","guid":{"rendered":"https:\/\/gruene-nks.de\/?p=1906"},"modified":"2020-11-26T00:06:17","modified_gmt":"2020-11-25T23:06:17","slug":"sondersitzung-klimaschutzbelange-runder-tisch-klima","status":"publish","type":"post","link":"https:\/\/gruene-nks.de\/index.php\/2020\/02\/12\/sondersitzung-klimaschutzbelange-runder-tisch-klima\/","title":{"rendered":"Sondersitzung Klimaschutzbelange &#8211; &#8222;Runder Tisch Klima&#8220;"},"content":{"rendered":"<p>Neunkirchen-Seelscheid, 12.02.2020<br \/>\n<strong>Klimaschutzbelange<\/strong><br \/>\n<strong>Antrag auf Einberufung einer gemeinsamen Sondersitzung des Energie-, Umwelt- und Planungsausschusses (EUPA) und des Bauausschusses (BauA)<\/strong><br \/>\nSehr geehrte Frau B\u00fcrgermeisterin Sander,<br \/>\nwir beantragen die Einberufung einer gemeinsamen Sondersitzung des Energie-, Umwelt und Planungsausschusses und des Bauausschusses im April\/Mai 2020 zur alleinigen Beratung von Umwelt- und Klimaschutzthemen.<br \/>\nBergr\u00fcndung:<br \/>\nSie haben f\u00fcr <strong>Montag, den 20. April 2020, 17-19<\/strong> Uhr, zum \u201e<strong>Runder Tisch Klima<\/strong>\u201c eingeladen. Dabei werden die beigef\u00fcgten Antr\u00e4ge und W\u00fcnsche von \u201e@nksforfuture\u201c eine wesentliche Rolle spielen. Mit dabei ist auch ein Antrag auf Bildung eines Umwelt-Ausschusses, der ausschlie\u00dflich f\u00fcr Umweltschutzbelange zust\u00e4ndig sein soll.<br \/>\nEs ist bekannt, wie wichtig Ihnen und uns die Umweltschutzbelange sind! Auch Ihre Umweltbeauftragte, Frau Klein, ist zur Verdeutlichung dieser Wichtigkeit in ein eigenes \u201eUmweltb\u00fcro\u201c im Erdgeschoss des Rathauses umgezogen.<br \/>\nDie Forderungen und W\u00fcnsche von \u201e@nksforfuture\u201c m\u00fcssen offen und komplett besprochen, beraten, beantwortet und entschieden werden. Ein \u201eRunder Tisch\u201c ist als Vorbereitung sicherlich sehr gut, in der Folge m\u00fcssen die Ergebnisse aber auch vom politisch zust\u00e4ndigen Gremium beschlossen und entsprechende Auftr\u00e4ge auf den Weg gegeben werden.<br \/>\nDa das im EUPA bei den \u00fcblichen, umfangreichen und fachtechnisch und zeitlich aufwendig zu beratenden Tagesordnungspunkten und damit \u201enebenbei\u201c keinen Sinn macht und auch der Bauausschuss Antworten zu diesem Themenkomplex beitragen kann, bedarf es einer Sondersitzung von EUPA und BauA, in der nur Umweltschutzthemen und keine weiteren Themen auf der Tagesordnung stehen d\u00fcrfen. Ggf. sind auch Beschlussempfehlungen an den Rat der Gemeinde zu fassen.<br \/>\nMit freundlichen Gr\u00fc\u00dfen<br \/>\ngez.<br \/>\nPeter Schmitz\u00a0\u00a0\u00a0\u00a0\u00a0\u00a0\u00a0\u00a0\u00a0\u00a0\u00a0\u00a0\u00a0\u00a0\u00a0\u00a0\u00a0\u00a0\u00a0\u00a0\u00a0\u00a0\u00a0\u00a0\u00a0\u00a0\u00a0\u00a0\u00a0\u00a0\u00a0\u00a0\u00a0\u00a0\u00a0\u00a0\u00a0\u00a0\u00a0\u00a0\u00a0\u00a0\u00a0\u00a0\u00a0\u00a0\u00a0\u00a0\u00a0\u00a0 Tarja Palonen-Hei\u00dfe<br \/>\nFraktionsvorsitzender\u00a0\u00a0\u00a0\u00a0\u00a0\u00a0\u00a0\u00a0\u00a0\u00a0\u00a0\u00a0\u00a0\u00a0\u00a0\u00a0\u00a0\u00a0\u00a0\u00a0\u00a0\u00a0\u00a0\u00a0\u00a0\u00a0\u00a0\u00a0\u00a0\u00a0\u00a0\u00a0\u00a0\u00a0\u00a0\u00a0\u00a0\u00a0 Fraktionsvorsitzende<br \/>\nSPD\u00a0\u00a0\u00a0\u00a0\u00a0\u00a0\u00a0\u00a0\u00a0\u00a0\u00a0\u00a0\u00a0\u00a0\u00a0\u00a0\u00a0\u00a0\u00a0\u00a0\u00a0\u00a0\u00a0\u00a0\u00a0\u00a0\u00a0\u00a0\u00a0\u00a0\u00a0\u00a0\u00a0\u00a0\u00a0\u00a0\u00a0\u00a0\u00a0\u00a0\u00a0\u00a0\u00a0\u00a0\u00a0\u00a0\u00a0\u00a0\u00a0\u00a0\u00a0\u00a0\u00a0\u00a0\u00a0\u00a0\u00a0\u00a0\u00a0\u00a0\u00a0\u00a0 B\u00dcNDNIS 90\/DIE GR\u00dcNEN<\/p>\n","protected":false},"excerpt":{"rendered":"<p>Neunkirchen-Seelscheid, 12.02.2020 Klimaschutzbelange Antrag auf Einberufung einer gemeinsamen Sondersitzung des Energie-, Umwelt- und Planungsausschusses (EUPA) und des Bauausschusses (BauA) Sehr geehrte Frau B\u00fcrgermeisterin Sander, wir beantragen die Einberufung einer gemeinsamen [&hellip;]<\/p>\n","protected":false},"author":-1,"featured_media":0,"comment_status":"open","ping_status":"open","sticky":false,"template":"","format":"standard","meta":{"footnotes":""},"categories":[84],"tags":[92,20,108],"class_list":["post-1906","post","type-post","status-publish","format-standard","hentry","category-antraege","tag-antraege","tag-klimaschutz","tag-runder-tisch"],"_links":{"self":[{"href":"https:\/\/gruene-nks.de\/index.php\/wp-json\/wp\/v2\/posts\/1906","targetHints":{"allow":["GET"]}}],"collection":[{"href":"https:\/\/gruene-nks.de\/index.php\/wp-json\/wp\/v2\/posts"}],"about":[{"href":"https:\/\/gruene-nks.de\/index.php\/wp-json\/wp\/v2\/types\/post"}],"author":[{"embeddable":true,"href":"https:\/\/gruene-nks.de\/index.php\/wp-json\/wp\/v2\/users\/1"}],"replies":[{"embeddable":true,"href":"https:\/\/gruene-nks.de\/index.php\/wp-json\/wp\/v2\/comments?post=1906"}],"version-history":[{"count":1,"href":"https:\/\/gruene-nks.de\/index.php\/wp-json\/wp\/v2\/posts\/1906\/revisions"}],"predecessor-version":[{"id":1907,"href":"https:\/\/gruene-nks.de\/index.php\/wp-json\/wp\/v2\/posts\/1906\/revisions\/1907"}],"wp:attachment":[{"href":"https:\/\/gruene-nks.de\/index.php\/wp-json\/wp\/v2\/media?parent=1906"}],"wp:term":[{"taxonomy":"category","embeddable":true,"href":"https:\/\/gruene-nks.de\/index.php\/wp-json\/wp\/v2\/categories?post=1906"},{"taxonomy":"post_tag","embeddable":true,"href":"https:\/\/gruene-nks.de\/index.php\/wp-json\/wp\/v2\/tags?post=1906"}],"curies":[{"name":"wp","href":"https:\/\/api.w.org\/{rel}","templated":true}]}}