{"id":2022,"date":"2019-05-31T23:47:31","date_gmt":"2019-05-31T21:47:31","guid":{"rendered":"https:\/\/gruene-nks.de\/?p=2022"},"modified":"2020-11-28T23:48:28","modified_gmt":"2020-11-28T22:48:28","slug":"ueberwaeltigend-fuer-gruene","status":"publish","type":"post","link":"https:\/\/gruene-nks.de\/index.php\/2019\/05\/31\/ueberwaeltigend-fuer-gruene\/","title":{"rendered":"\u00dcberw\u00e4ltigend f\u00fcr GR\u00dcNE"},"content":{"rendered":"<section class=\"entry-content clearfix\">\n<h3><strong>Europawahl<\/strong><\/h3>\n<p>Bei der EU Wahl in Neunkirchen-Seelscheid erhielten wir GR\u00dcNE 24,63 % (ca 4 % \u00fcber dem Bundesdurchschnitt) der Stimmen als Zweite nach der CDU mit 30,65 %. In 5 von unseren kommunalen 16 Wahlbezirken lagen die GR\u00dcNEN vor der CDU. Die Wahlbeteiligung lag insgesamt bei ca. 70 %. Der Stimmenanteil der Briefw\u00e4hler lag zwischen 15 \u2013 25 %.<\/p>\n<p>Wir m\u00f6chten an dieser Stelle allen B\u00fcrgerinnen und B\u00fcrgern <strong>Danke<\/strong> sagen, die zur Wahl gegangen sind, besonders auch den W\u00e4hlerinnen und W\u00e4hlern, die uns GR\u00dcNEN ihr Vertrauen geschenkt haben.<\/p>\n<p>Das macht Hoffnung und Mut, \u00f6rtlich auch gemeinsam mit allen Parteien, Klima- und Umweltma\u00dfnahmen, wie z. B. eine zentrale \u201ealternative\u201c Heizanlage (ggf. Geothermie) mit kleinem Fernw\u00e4rmenetz, im Rathaus-, Grund- und Gesamtschulbereich, mittelfristig umzusetzen. Ferner ist die Erneuerung des Radwegenetzes von hoher Dringlichkeit, um die ges\u00fcndeste und umweltfreundlichste Mobilit\u00e4t (Radfahren) nach und nach m\u00f6glich zu machen.<\/p>\n<p>Dass bei den Altersgruppierungen der 18 \u2013 24 J\u00e4hrigen die GR\u00dcNEN bei 33 % und auch noch bei der Gruppe der 25 \u2013 34 J\u00e4hrigen mit 22 % vor den Volksparteien liegen, macht Mut in Bezug auf den \u201eGr\u00fcnen\u201c Nachwuchs. Erst ab 35 Jahren liegen die Volksparteien wieder vor den GR\u00dcNEN, sagt der Bundesdurchschnitt.<\/p>\n<p>Der Spiegel: Im Vergleich zur Bundestagswahl vor knapp zwei Jahren sind die Gr\u00fcnen von Platz 6 auf Platz 2 gesprungen. Sie haben vor allem fr\u00fchere Anh\u00e4nger von Union und SPD von sich \u00fcberzeugt. Knapp 1,3 Millionen fr\u00fchere SPD-W\u00e4hler und rund 1,1 Millionen ehemalige CDU\/CSU-W\u00e4hler haben diesmal f\u00fcr uns Gr\u00fcne gestimmt. Aber auch 570.000 ehemalige Linke-Anh\u00e4nger und 470.000 fr\u00fchere FDP-Unterst\u00fctzer sind zu den Gr\u00fcnen gewechselt \u2013 und sogar einstige 50.000 AfD-W\u00e4hler.<\/p>\n<p>Die (fr\u00fcheren) Volksparteien haben es nicht geschafft, die W\u00e4hler, die ihnen bei der Bundestagswahl 2017 die Stimme gaben, f\u00fcr die Europawahl zu mobilisieren: Fast 2,5 Millionen B\u00fcrger, die 2017 f\u00fcr CDU und CSU gestimmt hatten, sind diesmal gar nicht zur Wahl gegangen. Auch die SPD hat mehr als 2 Millionen Anh\u00e4nger an die Nichtw\u00e4hler verloren.<\/p>\n<p>Das Alles ist ja Zahlenstatistik, die ja bei vielen Aussagen ganz hilfreich sein k\u00f6nnen. Jedoch ist es sehr wichtig, dass das Thema Umwelt und Klimawandel, soziale Zusammengeh\u00f6rigkeit und Demokratie in den meisten <strong>K\u00f6pfen und Parteien<\/strong> angekommen sein sollte. Jetzt geht es darum die dringenden Aufgaben m\u00f6glichst rasch und umgehend umzusetzen, gemeinsam mit <strong>allen<\/strong> politischen Akteuren, unter Ber\u00fccksichtigung und Ausgleich der Benachteiligung von Einzelnen bei den notwendigen anstehenden Umstrukturierungen! Hier denken wir besonders an den Umbau der bundesweiten Energieversorgung. Wobei hier das Speicherproblem gel\u00f6st werden muss. Vielleicht sind Wasserstoffspeicher eine M\u00f6glichkeit!?<\/p>\n<p>Auch bei Shell gewinnt der Stromsektor\u00a0 \u201efundamental an Bedeutung\u201c. Hier will man von der gr\u00fcnen Energieerzeugung \u00fcber die Speicherung weltweit einsteigen.<\/p>\n<p>Wir w\u00fcnschen Allen eine erfolgreiche Zeit<\/p>\n<h3>Die Zukunft ist GR\u00dcN!!<\/h3>\n<\/section>\n","protected":false},"excerpt":{"rendered":"<p>Europawahl Bei der EU Wahl in Neunkirchen-Seelscheid erhielten wir GR\u00dcNE 24,63 % (ca 4 % \u00fcber dem Bundesdurchschnitt) der Stimmen als Zweite nach der CDU mit 30,65 %. In 5 [&hellip;]<\/p>\n","protected":false},"author":-1,"featured_media":0,"comment_status":"open","ping_status":"open","sticky":false,"template":"","format":"standard","meta":{"footnotes":""},"categories":[82],"tags":[5,114],"class_list":["post-2022","post","type-post","status-publish","format-standard","hentry","category-fraktion","tag-europawahl","tag-wahlen"],"_links":{"self":[{"href":"https:\/\/gruene-nks.de\/index.php\/wp-json\/wp\/v2\/posts\/2022","targetHints":{"allow":["GET"]}}],"collection":[{"href":"https:\/\/gruene-nks.de\/index.php\/wp-json\/wp\/v2\/posts"}],"about":[{"href":"https:\/\/gruene-nks.de\/index.php\/wp-json\/wp\/v2\/types\/post"}],"author":[{"embeddable":true,"href":"https:\/\/gruene-nks.de\/index.php\/wp-json\/wp\/v2\/users\/1"}],"replies":[{"embeddable":true,"href":"https:\/\/gruene-nks.de\/index.php\/wp-json\/wp\/v2\/comments?post=2022"}],"version-history":[{"count":1,"href":"https:\/\/gruene-nks.de\/index.php\/wp-json\/wp\/v2\/posts\/2022\/revisions"}],"predecessor-version":[{"id":2023,"href":"https:\/\/gruene-nks.de\/index.php\/wp-json\/wp\/v2\/posts\/2022\/revisions\/2023"}],"wp:attachment":[{"href":"https:\/\/gruene-nks.de\/index.php\/wp-json\/wp\/v2\/media?parent=2022"}],"wp:term":[{"taxonomy":"category","embeddable":true,"href":"https:\/\/gruene-nks.de\/index.php\/wp-json\/wp\/v2\/categories?post=2022"},{"taxonomy":"post_tag","embeddable":true,"href":"https:\/\/gruene-nks.de\/index.php\/wp-json\/wp\/v2\/tags?post=2022"}],"curies":[{"name":"wp","href":"https:\/\/api.w.org\/{rel}","templated":true}]}}