{"id":2030,"date":"2019-05-01T23:55:15","date_gmt":"2019-05-01T21:55:15","guid":{"rendered":"https:\/\/gruene-nks.de\/?p=2030"},"modified":"2020-11-28T23:55:57","modified_gmt":"2020-11-28T22:55:57","slug":"tag-der-arbeit","status":"publish","type":"post","link":"https:\/\/gruene-nks.de\/index.php\/2019\/05\/01\/tag-der-arbeit\/","title":{"rendered":"Tag der Arbeit"},"content":{"rendered":"<header class=\"article-header\">\n<h1 class=\"h2\"><strong>F\u00fcr ein starkes soziales Europa und eine lebenswerte Gesellschaft<\/strong><\/h1>\n<\/header>\n<section class=\"entry-content clearfix\"><strong>Zum 1. Mai<\/strong> erkl\u00e4rten <strong>Beate M\u00fcller-Gemmeke<\/strong>, Sprecherin f\u00fcr ArbeitnehmerInnenrechte, und <strong>Wolfgang Strengmann-Kuhn<\/strong>, Sprecher f\u00fcr europ\u00e4ische Sozialpolitik:<\/p>\n<p>\u201cSozialpolitik muss nicht nur national, sondern auch europ\u00e4isch gedacht werden. Wir wollen den Zusammenhalt der Europ\u00e4ischen Union wieder st\u00e4rken, indem wir das Wohlfahrtsversprechen der EU erneuern. In Europa sollen alle Menschen ein w\u00fcrdevolles Leben f\u00fchren k\u00f6nnen. Voraussetzung daf\u00fcr sind verl\u00e4ssliche soziale Rechte.<\/p>\n<p>Wir brauchen daher ein starkes soziales Europa, das f\u00fcr soziale Gerechtigkeit und sozialen Schutz sorgt und Ausgrenzungen, Armut und Diskriminierung bek\u00e4mpft. Deshalb muss das EU- Recht endlich den sozialen Rechten und den Rechten von Besch\u00e4ftigten den gleichen Stellenwert einr\u00e4umen wie den wirtschaftlichen Freiheiten des EU-Binnenmarktes. Wir brauchen Grundsicherungssysteme in allen Mitgliedsstaaten, um allen Menschen in der EU ein soziales Netz zu garantieren. Und wir brauchen in den Staaten der EU Mindestl\u00f6hne, die daf\u00fcr sorgen, dass die Menschen von ihrer Arbeit gut leben k\u00f6nnen. Auch das Prinzip \u201cgleicher Lohn f\u00fcr gleiche Arbeit am gleichen Ort\u201d muss durchgesetzt werden. Nur so gibt es fairen Wettbewerb und gute Lebensbedingungen f\u00fcr alle. Deshalb sollen die Mitbestimmungsrechte der Besch\u00e4ftigten europaweit harmonisiert und gest\u00e4rkt werden.<\/p>\n<p>Was f\u00fcr die EU gilt, wollen wir auch in Deutschland: <strong>Auch hier m\u00fcssen Gewerkschaften und Betriebsr\u00e4te gest\u00e4rkt werden, damit sie auch in schwierigen Branchen Tarifvertr\u00e4ge durchsetzen k\u00f6nnen.<\/strong> Denn derzeit arbeiten mehr als 20 Prozent aller Besch\u00e4ftigten unter prek\u00e4ren Bedingungen. Sie arbeiten als Leiharbeitskraft, haben einen Minijob, sind befristet angestellt oder arbeiten auf Abruf. Wir brauchen endlich gerechte L\u00f6hne und mehr gute Arbeit. Der Mindestlohn muss sp\u00fcrbar steigen. Wir fordern gleiche Bezahlung ab dem ersten Tag in der Leiharbeit und Lohngleichheit zwischen M\u00e4nnern und Frauen. Und Minijobs m\u00fcssen endlich in sozialversicherungspflichtige Arbeit umgewandelt werden.\u201d<\/p>\n<p>Die Bundesregierung bek\u00e4mpft den Niedriglohnsektor jedoch nur verbal und nicht real. F\u00fcr den sozialen Zusammenhalt in unserer Gesellschaft und in Europa ist aber die Glaubw\u00fcrdigkeit unserer Politik wichtig. Artikel 1 unseres Grundgesetzes schreibt fest, <strong>die W\u00fcrde des Menschen ist unantastbar<\/strong>. Deshalb brauchen wir eine <strong>\u201cNormalisierung\u201d der Arbeitsverh\u00e4ltnisse. Die Menschen m\u00fcssen von ihrer Arbeit leben k\u00f6nnen.\u201d<\/strong><\/p>\n<p>Bundesarbeitsminister Heil plant ein Gesetz gegen Dumpingl\u00f6hne in der Paketbranche, aber Wirtschaftsminister Peter Altmaier (CDU) sagte am Wochenende: \u201cEs ist jetzt nicht die Zeit f\u00fcr neue Belastungen der Wirtschaft. Die Belebung des Wachstums und die Schaffung neuer Arbeitspl\u00e4tze m\u00fcssten Vorrang haben\u201d.<\/p>\n<p>Wir brauchen mehr Solidarit\u00e4t und mehr echten Zusammenhalt. Wenn die Tarifpartner unsere Arbeitswelt so nicht mehr gestalten k\u00f6nnen, dann muss die Politik daf\u00fcr sorgen.<\/p>\n<\/section>\n","protected":false},"excerpt":{"rendered":"<p>F\u00fcr ein starkes soziales Europa und eine lebenswerte Gesellschaft Zum 1. Mai erkl\u00e4rten Beate M\u00fcller-Gemmeke, Sprecherin f\u00fcr ArbeitnehmerInnenrechte, und Wolfgang Strengmann-Kuhn, Sprecher f\u00fcr europ\u00e4ische Sozialpolitik: \u201cSozialpolitik muss nicht nur national, [&hellip;]<\/p>\n","protected":false},"author":-1,"featured_media":0,"comment_status":"open","ping_status":"open","sticky":false,"template":"","format":"standard","meta":{"footnotes":""},"categories":[82],"tags":[142],"class_list":["post-2030","post","type-post","status-publish","format-standard","hentry","category-fraktion","tag-tag-der-arbeit"],"_links":{"self":[{"href":"https:\/\/gruene-nks.de\/index.php\/wp-json\/wp\/v2\/posts\/2030","targetHints":{"allow":["GET"]}}],"collection":[{"href":"https:\/\/gruene-nks.de\/index.php\/wp-json\/wp\/v2\/posts"}],"about":[{"href":"https:\/\/gruene-nks.de\/index.php\/wp-json\/wp\/v2\/types\/post"}],"author":[{"embeddable":true,"href":"https:\/\/gruene-nks.de\/index.php\/wp-json\/wp\/v2\/users\/1"}],"replies":[{"embeddable":true,"href":"https:\/\/gruene-nks.de\/index.php\/wp-json\/wp\/v2\/comments?post=2030"}],"version-history":[{"count":1,"href":"https:\/\/gruene-nks.de\/index.php\/wp-json\/wp\/v2\/posts\/2030\/revisions"}],"predecessor-version":[{"id":2031,"href":"https:\/\/gruene-nks.de\/index.php\/wp-json\/wp\/v2\/posts\/2030\/revisions\/2031"}],"wp:attachment":[{"href":"https:\/\/gruene-nks.de\/index.php\/wp-json\/wp\/v2\/media?parent=2030"}],"wp:term":[{"taxonomy":"category","embeddable":true,"href":"https:\/\/gruene-nks.de\/index.php\/wp-json\/wp\/v2\/categories?post=2030"},{"taxonomy":"post_tag","embeddable":true,"href":"https:\/\/gruene-nks.de\/index.php\/wp-json\/wp\/v2\/tags?post=2030"}],"curies":[{"name":"wp","href":"https:\/\/api.w.org\/{rel}","templated":true}]}}