{"id":2054,"date":"2019-01-09T00:17:32","date_gmt":"2019-01-08T23:17:32","guid":{"rendered":"https:\/\/gruene-nks.de\/?p=2054"},"modified":"2020-11-29T00:18:14","modified_gmt":"2020-11-28T23:18:14","slug":"nicht-ueber-und-nicht-unter","status":"publish","type":"post","link":"https:\/\/gruene-nks.de\/index.php\/2019\/01\/09\/nicht-ueber-und-nicht-unter\/","title":{"rendered":"Nicht \u00fcber und nicht unter"},"content":{"rendered":"<header class=\"article-header\">\n<h2 class=\"h2\"><strong>GR\u00dcNE Neujahrsklausur in Frankfurt an der Oder<\/strong><\/h2>\n<\/header>\n<section class=\"entry-content clearfix\">In diesem Jahr stehen neben den Wahlen zum Europ\u00e4ischen Parlament drei Landtagswahlen in Brandenburg, Sachsen und Th\u00fcringen an sowie das Jubil\u00e4um der friedlichen Revolution. Dies ist eine einmalige Gelegenheit, ehrlich, offen und mit Empathie, Respekt und gegenseitigem Interesse eine Debatte zu f\u00fchren \u00fcber unser Zusammenleben in Deutschland. Auf seiner Neujahrsklausur in Frankfurt an der Oder hat der gr\u00fcne Bundesvorstand in einem Beschluss f\u00fcnf Zukunftsthemen f\u00fcr eine <strong>neue Gemeinsamkeit<\/strong> benannt.<\/p>\n<h5><strong><em>Menschen Perspektiven geben und der Natur Raum<\/em><\/strong><\/h5>\n<p>Dem stellen wir uns als gesamte b\u00fcndnisgr\u00fcne Partei bis in den letzten Winkel der Republik, egal ob West oder Ost. All unsere Unterst\u00fctzung gilt den Menschen, die sich in den St\u00e4dten und D\u00f6rfern engagieren, die um eine lebenswerte, eine offene, demokratische und friedliche Gesellschaft k\u00e4mpfen. Eine, die Menschen Perspektiven gibt und der Natur einen Raum. Die ostdeutschen Wahlen 2019 werden so zu einem Pr\u00fcfstein f\u00fcr unser Land.<\/p>\n<h5><strong><em>Eine neue Erz\u00e4hlung der geteilten Gemeinsamkeit<\/em><\/strong><\/h5>\n<p>Wenn es in den kommenden Monaten gelingt, einen politischen Austausch und einen Prozess des Ausgleichs zwischen den unterschiedlichen Perspektiven und Interessen in unserem Land zu beginnen, und zwar einen, der die spezifisch ostdeutsche Erfahrung anerkennt, ohne neue Spaltungen zuzulassen, dann legen wir damit den Grundstein f\u00fcr eine neue Erz\u00e4hlung der geteilten Gemeinsamkeit.<\/p>\n<p>Wir wollen, dass die ostdeutsche Erz\u00e4hlung gleichberechtigter Teil der gesamtdeutschen Erz\u00e4hlung wird. Deshalb stellen wir unsere Arbeit unter einen Halbsatz von Bertolt Brechts Kinderhymne: \u201eNicht \u00fcber und nicht unter\u201c. Diese Zeilen, einst als Gegenst\u00fcck zu den Hymnen zweier deutscher Staaten geschrieben, soll unser Motto sein f\u00fcr 2019.<\/p>\n<h5><strong><em>Innerdeutsche Ver\u00e4nderungen verstehen<\/em><\/strong><\/h5>\n<p>Wer \u00fcber die Defizite der Einheit spricht, darf \u00fcber ihre Erfolge nicht schweigen. Demokratie, Freiheit und Rechtsstaatlichkeit gelten seit der Einheit f\u00fcr ganz Deutschland. Wir atmen wieder \u00fcberall sauberere Luft und baden in Fl\u00fcssen, die fr\u00fcher stinkende Industrie-Kloaken waren. Verfallene Innenst\u00e4dte sind saniert, die marode Infrastruktur rundum erneuert. Keine Diktatur wurde je so friedlich aufgearbeitet. Der materielle Wohlstand ist f\u00fcr die allermeisten sp\u00fcrbar gestiegen. Selbst die Massenarbeitslosigkeit \u2013 die Gei\u00dfel der ersten 20 Jahre \u2013 ist zur\u00fcckgegangen.<\/p>\n<h5><strong><em>Ungleichheiten abbauen<\/em> <\/strong><\/h5>\n<p>Bis heute besteht diese Ungleichheit. Sie bleibt zudem eine individuelle, wenn auch strukturelle: In Westdeutschland sind die Verm\u00f6gen und die Erbschaften um ein Vielfaches h\u00f6her als in Ostdeutschland. Die Unternehmen und die Wohnungen in den schicken St\u00e4dten geh\u00f6ren \u2013 gef\u00f6rdert durch die g\u00fcnstigen Investitionsbedingungen nach der Wende \u2013 oft Westdeutschen.<\/p>\n<p>Noch immer verharren mit 13 Prozent der Menschen in Ostdeutschland deutlich mehr als im Westen (8,5 Prozent) im Hartz-IV-System. Wir wollen das Hartz-IV-System \u00fcberwinden und durch eine Garantiesicherung ersetzen, die \u00f6konomische Verunsicherung beendet und das Existenzminimum verl\u00e4sslich absichert.<\/p>\n<h5><strong><em>Eine Einheit in Verschiedenheit<\/em> <\/strong><\/h5>\n<p>Es reicht nicht, nur den Osten in den Blick zu nehmen, wir m\u00fcssen auf unsere gesamte Gesellschaft schauen. 30 Jahre nach der friedlichen Revolution wollen wir einen Raum \u00f6ffnen f\u00fcr eine neue Debatte \u00fcber die deutsche Einheit. Eine Einheit, die Unterschiede nicht negiert und schon gar keine, die im Gestus der \u00dcbernahme agiert. Eine Einheit in Verschiedenheit. Wir brauchen Politik, Publizistik und Zeithistorie, um zu verstehen, was nach 1989 in Deutschland geschehen ist. Nur dieses Wissen er\u00f6ffnet neue Chancen auf gesellschaftliche Gemeinsamkeiten.<\/p>\n<p>Ein sch\u00f6nes Wochenende!<\/p>\n<p>Tarja Palonen-Hei\u00dfe<\/p>\n<p>Fraktionsvorsitzende<\/p>\n<\/section>\n","protected":false},"excerpt":{"rendered":"<p>GR\u00dcNE Neujahrsklausur in Frankfurt an der Oder In diesem Jahr stehen neben den Wahlen zum Europ\u00e4ischen Parlament drei Landtagswahlen in Brandenburg, Sachsen und Th\u00fcringen an sowie das Jubil\u00e4um der friedlichen [&hellip;]<\/p>\n","protected":false},"author":-1,"featured_media":0,"comment_status":"open","ping_status":"open","sticky":false,"template":"","format":"standard","meta":{"footnotes":""},"categories":[82],"tags":[151],"class_list":["post-2054","post","type-post","status-publish","format-standard","hentry","category-fraktion","tag-gruene"],"_links":{"self":[{"href":"https:\/\/gruene-nks.de\/index.php\/wp-json\/wp\/v2\/posts\/2054","targetHints":{"allow":["GET"]}}],"collection":[{"href":"https:\/\/gruene-nks.de\/index.php\/wp-json\/wp\/v2\/posts"}],"about":[{"href":"https:\/\/gruene-nks.de\/index.php\/wp-json\/wp\/v2\/types\/post"}],"author":[{"embeddable":true,"href":"https:\/\/gruene-nks.de\/index.php\/wp-json\/wp\/v2\/users\/5"}],"replies":[{"embeddable":true,"href":"https:\/\/gruene-nks.de\/index.php\/wp-json\/wp\/v2\/comments?post=2054"}],"version-history":[{"count":1,"href":"https:\/\/gruene-nks.de\/index.php\/wp-json\/wp\/v2\/posts\/2054\/revisions"}],"predecessor-version":[{"id":2055,"href":"https:\/\/gruene-nks.de\/index.php\/wp-json\/wp\/v2\/posts\/2054\/revisions\/2055"}],"wp:attachment":[{"href":"https:\/\/gruene-nks.de\/index.php\/wp-json\/wp\/v2\/media?parent=2054"}],"wp:term":[{"taxonomy":"category","embeddable":true,"href":"https:\/\/gruene-nks.de\/index.php\/wp-json\/wp\/v2\/categories?post=2054"},{"taxonomy":"post_tag","embeddable":true,"href":"https:\/\/gruene-nks.de\/index.php\/wp-json\/wp\/v2\/tags?post=2054"}],"curies":[{"name":"wp","href":"https:\/\/api.w.org\/{rel}","templated":true}]}}