{"id":2092,"date":"2020-12-09T20:10:46","date_gmt":"2020-12-09T19:10:46","guid":{"rendered":"https:\/\/gruene-nks.de\/?p=2092"},"modified":"2020-12-09T20:10:46","modified_gmt":"2020-12-09T19:10:46","slug":"digitaler-stammtisch-silvester-ohne-knallerei","status":"publish","type":"post","link":"https:\/\/gruene-nks.de\/index.php\/2020\/12\/09\/digitaler-stammtisch-silvester-ohne-knallerei\/","title":{"rendered":"Digitaler Stammtisch: Silvester ohne Knallerei?"},"content":{"rendered":"<p>Noch nie war die Kontroverse \u00fcber das B\u00f6llern an Silvester so hoch wie in diesem Jahr. Die Corona-Pandemie liefert viele Gr\u00fcnde, warum man sich in diesem Jahr mit dem Feuerwerk an Silvester zur\u00fcckhalten k\u00f6nnte. Aber losgel\u00f6st von Corona, gibt es noch weitere Gr\u00fcnde.<\/p>\n<p>So sch\u00f6n ein Feuerwerk anzusehen ist, die Belastung der Umwelt ist nicht unerheblich. Nicht nur durch L\u00e4rm, Feinstaub und Gestank. Auch Haus- und Wildtiere geraten einmal j\u00e4hrlich in Angst und Panik.<\/p>\n<p>Viele V\u00f6gel fl\u00fcchten beispielsweise infolge der B\u00f6llerei und der Lichtspektakel panisch um ein Zehnfaches ihrer sonstigen Flugh\u00f6he in die Luft und verenden aufgrund der darauffolgenden Ersch\u00f6pfung. Familienverb\u00e4nde und Schw\u00e4rme werden durch die Flucht auseinander gerissen, die V\u00f6gel k\u00f6nnen orientierungslos gegen Hindernisse fliegen.<\/p>\n<p>An Neujahr werden regelm\u00e4\u00dfig tote oder verletzte Tiere gefunden. S\u00e4ugetiere wie F\u00fcchse k\u00f6nnen Geh\u00f6rsch\u00e4den erleiden. Winterschlafhaltende Tiere wie Igel werden durch die Knallk\u00f6rper aufgest\u00f6rt, wodurch sie lebenswichtige Energiereserven verlieren.<\/p>\n<p>Andere Wildtiere und in Menschenhand lebende Tiere in Privathaushalten erleiden starke \u00c4ngste. Erschwerend ist, dass auch vor und nach der Silvesternacht B\u00f6ller gez\u00fcndet werden. Haustiere verkriechen sich oft mehrere Tage und Hunde gehen nicht mehr vor die T\u00fcr.<\/p>\n<p>Dazu kommt, dass es j\u00e4hrlich viele F\u00e4lle von Augenverletzungen, H\u00f6rsch\u00e4den, Verbrennungen und sogar Verluste von Gliedma\u00dfen gibt.<\/p>\n<p>Geht das nicht auch anders? Dieses Thema wollen wir mit den B\u00fcrgerinnen und B\u00fcrgern in Neunkirchen-Seelscheid diskutieren. Daher freuen wir uns nach langer Pause wieder einmal zu einem GR\u00dcNEN Stammtisch einzuladen, <strong>coronabedingt als Videokonferenz<\/strong>.<\/p>\n<p><strong>Der Stammtisch findet am Donnerstag 17.12.19 um 19.30 Uhr statt. <\/strong><\/p>\n<p>F\u00fcr eine Teilnahme an der <strong>Videokonferenz<\/strong>, bitte wir um Anmeldung per Mail an <strong>stammtisch@gruene-nks.de<\/strong> Die Videokonferenz findet \u00fcber einen im Internetbrowser laufenden Dienst statt. N\u00e4here Infos zur Technik senden wir rechtzeitig per Email.<\/p>\n<p>Wir w\u00fcnschen einen sch\u00f6nen 3. Advent.<\/p>\n<p>Bleibt gesund und wachsam<\/p>\n","protected":false},"excerpt":{"rendered":"<p>Noch nie war die Kontroverse \u00fcber das B\u00f6llern an Silvester so hoch wie in diesem Jahr. Die Corona-Pandemie liefert viele Gr\u00fcnde, warum man sich in diesem Jahr mit dem Feuerwerk [&hellip;]<\/p>\n","protected":false},"author":-1,"featured_media":2093,"comment_status":"open","ping_status":"open","sticky":false,"template":"","format":"standard","meta":{"footnotes":""},"categories":[88],"tags":[154,153,152],"class_list":["post-2092","post","type-post","status-publish","format-standard","has-post-thumbnail","hentry","category-ov","tag-boeller","tag-silvester","tag-stammtisch"],"_links":{"self":[{"href":"https:\/\/gruene-nks.de\/index.php\/wp-json\/wp\/v2\/posts\/2092","targetHints":{"allow":["GET"]}}],"collection":[{"href":"https:\/\/gruene-nks.de\/index.php\/wp-json\/wp\/v2\/posts"}],"about":[{"href":"https:\/\/gruene-nks.de\/index.php\/wp-json\/wp\/v2\/types\/post"}],"author":[{"embeddable":true,"href":"https:\/\/gruene-nks.de\/index.php\/wp-json\/wp\/v2\/users\/3"}],"replies":[{"embeddable":true,"href":"https:\/\/gruene-nks.de\/index.php\/wp-json\/wp\/v2\/comments?post=2092"}],"version-history":[{"count":1,"href":"https:\/\/gruene-nks.de\/index.php\/wp-json\/wp\/v2\/posts\/2092\/revisions"}],"predecessor-version":[{"id":2094,"href":"https:\/\/gruene-nks.de\/index.php\/wp-json\/wp\/v2\/posts\/2092\/revisions\/2094"}],"wp:featuredmedia":[{"embeddable":true,"href":"https:\/\/gruene-nks.de\/index.php\/wp-json\/wp\/v2\/media\/2093"}],"wp:attachment":[{"href":"https:\/\/gruene-nks.de\/index.php\/wp-json\/wp\/v2\/media?parent=2092"}],"wp:term":[{"taxonomy":"category","embeddable":true,"href":"https:\/\/gruene-nks.de\/index.php\/wp-json\/wp\/v2\/categories?post=2092"},{"taxonomy":"post_tag","embeddable":true,"href":"https:\/\/gruene-nks.de\/index.php\/wp-json\/wp\/v2\/tags?post=2092"}],"curies":[{"name":"wp","href":"https:\/\/api.w.org\/{rel}","templated":true}]}}