{"id":2168,"date":"2021-03-20T10:13:38","date_gmt":"2021-03-20T09:13:38","guid":{"rendered":"https:\/\/gruene-nks.de\/?p=2168"},"modified":"2021-03-31T10:20:46","modified_gmt":"2021-03-31T08:20:46","slug":"gruene-jugend-mach-mit","status":"publish","type":"post","link":"https:\/\/gruene-nks.de\/index.php\/2021\/03\/20\/gruene-jugend-mach-mit\/","title":{"rendered":"GR\u00dcNE JUGEND &#8211; Mach mit!"},"content":{"rendered":"<p>Die GR\u00dcNE JUGEND Rhein-Sieg stellt sich vor:<\/p>\n<p>Wir sind junge Menschen aus dem ganzen Rhein-Sieg-Kreis, die sich f\u00fcr gr\u00fcne Politik begeistern.<\/p>\n<p>Die Gr\u00fcne Jugend ist die Jugendorganisation der Partei B\u00fcndnis 90\/ Die Gr\u00fcnen. In ganz Deutschland verteilt gibt es Orts- und Kreisgruppen. Wir sind die Kreisgruppe\/ \u00fcberregionale Ortsgruppe im Rhein-Sieg-Kreis, die Gr\u00fcne Jugend Rhein-Sieg.<\/p>\n<p>Wir setzen uns f\u00fcr \u00f6kologische und soziale Gerechtigkeit und eine solidarische Gesellschaft ein. Dazu organisieren wir Veranstaltungen, h\u00f6ren uns Vortr\u00e4ge an und bereiten Aktionen vor. Wir m\u00f6chten \u00fcber \u201egro\u00dfe\u201c politische Themen diskutieren und an kommunalpolitischen Themen arbeiten und im ganzen Rhein-Sieg Kreis unsere Ideen einbringen.<\/p>\n<p>Da der Rhein-Sieg-Kreis ein gro\u00dfes Kreisgebiet mit vielen unterschiedlich gro\u00dfen St\u00e4dten und Gemeinden ist, ist unser Ziel zu einer \u00fcberregionalen Gruppe anzuwachsen, bei der einzelne Gr\u00fcne Jugend Interessierte aus kleineren Gemeinden sowie als auch Gr\u00fcne Jugend Ortsgruppen gemeinsam Gr\u00fcne Jugend Ideen voranbringen.<\/p>\n<p>Du bist politisch interessiert und suchst Gleichgesinnte? Dann bist du herzlich eingeladen bei einem unserer n\u00e4chsten Treffen vorbeizukommen.<\/p>\n<p>Unsere Treffen finden einmal monatlich, immer am ersten Donnerstag des Monats ab 18 Uhr zurzeit online statt. Dort tauschen wir uns \u00fcber unterschiedliche aktuelle politische Themen aus und kommen ins Gespr\u00e4ch. Dabei besch\u00e4ftigen wir uns sowohl mit den \u201egro\u00dfen\u201c politischen Themen als auch mit lokalen Initiativen und aktuellen Geschehnissen vor Ort.<\/p>\n<p>Schreib uns doch vorher eine Mail oder eine Nachricht \u00fcber Instagram, dann laden wir dich online ein.<\/p>\n<p>Aktuelle Infos findest Du vor allem auf unserem Instagram Profil und auf unsere Webseite.<\/p>\n<p>Wir freuen uns darauf, von Dir zu h\u00f6ren und zu lesen und dich bei n\u00e4chster Gelegenheit pers\u00f6nlich kennen zu lernen!<\/p>\n<p>Leo, Pauline, Alex, Anastasia und Noah<\/p>\n<p>Treffen: Immer am ersten Donnerstag im Monat um 18 Uhr (zurzeit online)<\/p>\n<p>Email: info@gjrs.de<\/p>\n<p>Webseite: <a href=\"http:\/\/www.gjrs.de\" target=\"_blank\" rel=\"noopener\">www.gjrs.de<\/a><\/p>\n<p>Instagram: @gruene_jugend_rs<\/p>\n","protected":false},"excerpt":{"rendered":"<p>Die GR\u00dcNE JUGEND Rhein-Sieg stellt sich vor: Wir sind junge Menschen aus dem ganzen Rhein-Sieg-Kreis, die sich f\u00fcr gr\u00fcne Politik begeistern. Die Gr\u00fcne Jugend ist die Jugendorganisation der Partei B\u00fcndnis [&hellip;]<\/p>\n","protected":false},"author":-1,"featured_media":2170,"comment_status":"open","ping_status":"open","sticky":false,"template":"","format":"standard","meta":{"footnotes":""},"categories":[88],"tags":[6],"class_list":["post-2168","post","type-post","status-publish","format-standard","has-post-thumbnail","hentry","category-ov","tag-gruene-jugend"],"_links":{"self":[{"href":"https:\/\/gruene-nks.de\/index.php\/wp-json\/wp\/v2\/posts\/2168","targetHints":{"allow":["GET"]}}],"collection":[{"href":"https:\/\/gruene-nks.de\/index.php\/wp-json\/wp\/v2\/posts"}],"about":[{"href":"https:\/\/gruene-nks.de\/index.php\/wp-json\/wp\/v2\/types\/post"}],"author":[{"embeddable":true,"href":"https:\/\/gruene-nks.de\/index.php\/wp-json\/wp\/v2\/users\/1"}],"replies":[{"embeddable":true,"href":"https:\/\/gruene-nks.de\/index.php\/wp-json\/wp\/v2\/comments?post=2168"}],"version-history":[{"count":1,"href":"https:\/\/gruene-nks.de\/index.php\/wp-json\/wp\/v2\/posts\/2168\/revisions"}],"predecessor-version":[{"id":2169,"href":"https:\/\/gruene-nks.de\/index.php\/wp-json\/wp\/v2\/posts\/2168\/revisions\/2169"}],"wp:featuredmedia":[{"embeddable":true,"href":"https:\/\/gruene-nks.de\/index.php\/wp-json\/wp\/v2\/media\/2170"}],"wp:attachment":[{"href":"https:\/\/gruene-nks.de\/index.php\/wp-json\/wp\/v2\/media?parent=2168"}],"wp:term":[{"taxonomy":"category","embeddable":true,"href":"https:\/\/gruene-nks.de\/index.php\/wp-json\/wp\/v2\/categories?post=2168"},{"taxonomy":"post_tag","embeddable":true,"href":"https:\/\/gruene-nks.de\/index.php\/wp-json\/wp\/v2\/tags?post=2168"}],"curies":[{"name":"wp","href":"https:\/\/api.w.org\/{rel}","templated":true}]}}