{"id":2220,"date":"2021-08-29T14:42:44","date_gmt":"2021-08-29T12:42:44","guid":{"rendered":"https:\/\/gruene-nks.de\/?p=2220"},"modified":"2021-08-29T14:42:44","modified_gmt":"2021-08-29T12:42:44","slug":"verlaesslicher-schulbustransport-2","status":"publish","type":"post","link":"https:\/\/gruene-nks.de\/index.php\/2021\/08\/29\/verlaesslicher-schulbustransport-2\/","title":{"rendered":"Verl\u00e4sslicher Schulbustransport"},"content":{"rendered":"<p>Sehr geehrte Frau B\u00fcrgermeisterin,<\/p>\n<p>vor den Sommerferien haben viele Eltern der Gemeinde von nicht freifahrtberechtigten Sch\u00fclerinnen und Sch\u00fcler, welche den gemeindlichen Sch\u00fclerspezialverkehr gegen eine Kostenbeteiligung nutzen, die Mitteilung erhalten, sie k\u00f6nnen nach den Ferien nicht mehr mit den Schulbussen mitfahren. Offenbar sind die Busse rein rechnerisch zu voll, um einen angemessenen Corona-Schutz zu erm\u00f6glichen.<\/p>\n<p>Ein effektiver Infektionsschutz ist in diesen Zeiten wichtig.<\/p>\n<p>Ein verl\u00e4sslicher Schulbustransport f\u00fcr Sch\u00fclerinnen und Sch\u00fcler ist ebenfalls wichtig.<\/p>\n<p>Wir reden hier von Sch\u00fclerinnen und Sch\u00fclern, die oft nur wenige Meter unterhalb der erforderlichen Entfernung zur Schule f\u00fcr eine Freifahrtberechtigung und ein Anrecht auf den Sch\u00fclerspezialverkehr der Gemeinde wohnen. Deren Eltern zahlen z.T. seit vielen Schuljahren daf\u00fcr, dass ihre Kinder von dem Sch\u00fclerspezialverkehr der Gemeinde mitgenommen werden. Man kann davon ausgehen, dass sie dies tun, weil sie auf die Schulbusbef\u00f6rderung angewiesen sowie u.a. auch ihre Kinder nicht schlechter stellen m\u00f6chten, als die freifahrtberechtigten Nachbarkinder.<\/p>\n<p>Wenn es dem Vernehmen nach so ist, dass die Schulbusse mit den \u201ezahlenden G\u00e4sten&#8220; zu voll sind, muss es eine andere sozialvertr\u00e4gliche M\u00f6glichkeit geben das Problem zu l\u00f6sen, als den Familien den Schulbustransport einfach zu k\u00fcndigen.<\/p>\n<p>Wir beantragen die Schulbusbef\u00f6rderung f\u00fcr alle Sch\u00fclerinnen und Sch\u00fcler der Gemeinde verl\u00e4sslich zu gew\u00e4hrleisten, indem:<\/p>\n<ol>\n<li>Die Gemeinde beschlie\u00dft, die tats\u00e4chlich zu bef\u00f6rdernden Sch\u00fclerinnen und Sch\u00fcler im Rahmen des Sch\u00fclerspezialverkehrs zu erheben (viele Kinder nutzen wegen Corona gar nicht die Schulbusse, sondern werden gebracht). Aufgrund dieser Erhebung kann mit den Familien ein Arrangement (z. B. Eltern fahren Kinder zur Schule) getroffen werden, dass es allen Kindern erm\u00f6glicht mit dem Bus zu fahren, wenn sie darauf angewiesen sind.<\/li>\n<li>Die Gemeinde findet gemeinsam mit der Firma Willms eine L\u00f6sung f\u00fcr das Problem, indem beispielsweise entweder kleine Zusatzbusse, gr\u00f6\u00dfere Busse,&#8230; eingesetzt oder zus\u00e4tzliche Fahrten durchgef\u00fchrt werden.<\/li>\n<li>Bis zu einer Entscheidung im Rat der Gemeinde bez\u00fcglich der weiteren Bef\u00f6rderung nicht freifahrtberechtigter Sch\u00fclerinnen und Sch\u00fcler im Rahmen des Sch\u00fclerspezialverkehrs, werden nicht freifahrtberechtigte Sch\u00fclerinnen und Sch\u00fcler weiterhin bef\u00f6rdert.<\/li>\n<\/ol>\n<p>Mit freundlichen Gr\u00fc\u00dfen<\/p>\n","protected":false},"excerpt":{"rendered":"<p>Sehr geehrte Frau B\u00fcrgermeisterin, vor den Sommerferien haben viele Eltern der Gemeinde von nicht freifahrtberechtigten Sch\u00fclerinnen und Sch\u00fcler, welche den gemeindlichen Sch\u00fclerspezialverkehr gegen eine Kostenbeteiligung nutzen, die Mitteilung erhalten, sie [&hellip;]<\/p>\n","protected":false},"author":-1,"featured_media":0,"comment_status":"open","ping_status":"open","sticky":false,"template":"","format":"standard","meta":{"footnotes":""},"categories":[84],"tags":[92,182],"class_list":["post-2220","post","type-post","status-publish","format-standard","hentry","category-antraege","tag-antraege","tag-schulbus"],"_links":{"self":[{"href":"https:\/\/gruene-nks.de\/index.php\/wp-json\/wp\/v2\/posts\/2220","targetHints":{"allow":["GET"]}}],"collection":[{"href":"https:\/\/gruene-nks.de\/index.php\/wp-json\/wp\/v2\/posts"}],"about":[{"href":"https:\/\/gruene-nks.de\/index.php\/wp-json\/wp\/v2\/types\/post"}],"author":[{"embeddable":true,"href":"https:\/\/gruene-nks.de\/index.php\/wp-json\/wp\/v2\/users\/1"}],"replies":[{"embeddable":true,"href":"https:\/\/gruene-nks.de\/index.php\/wp-json\/wp\/v2\/comments?post=2220"}],"version-history":[{"count":1,"href":"https:\/\/gruene-nks.de\/index.php\/wp-json\/wp\/v2\/posts\/2220\/revisions"}],"predecessor-version":[{"id":2221,"href":"https:\/\/gruene-nks.de\/index.php\/wp-json\/wp\/v2\/posts\/2220\/revisions\/2221"}],"wp:attachment":[{"href":"https:\/\/gruene-nks.de\/index.php\/wp-json\/wp\/v2\/media?parent=2220"}],"wp:term":[{"taxonomy":"category","embeddable":true,"href":"https:\/\/gruene-nks.de\/index.php\/wp-json\/wp\/v2\/categories?post=2220"},{"taxonomy":"post_tag","embeddable":true,"href":"https:\/\/gruene-nks.de\/index.php\/wp-json\/wp\/v2\/tags?post=2220"}],"curies":[{"name":"wp","href":"https:\/\/api.w.org\/{rel}","templated":true}]}}