{"id":2257,"date":"2021-10-01T15:00:31","date_gmt":"2021-10-01T13:00:31","guid":{"rendered":"https:\/\/gruene-nks.de\/?p=2257"},"modified":"2021-09-30T21:42:21","modified_gmt":"2021-09-30T19:42:21","slug":"danke-fuer-euer-vertrauen","status":"publish","type":"post","link":"https:\/\/gruene-nks.de\/index.php\/2021\/10\/01\/danke-fuer-euer-vertrauen\/","title":{"rendered":"Danke f\u00fcr euer Vertrauen"},"content":{"rendered":"<p>Nun liegt sie hinter uns, die Bundestagswahl 2021. Nachdem wir wochenlang Wahlkampf betrieben haben, k\u00f6nnen wir GR\u00dcNEN nicht verheimlichen, dass uns ein ziemlicher Stein vom Herzen gefallen ist. Als am Sonntag um 18:00 Uhr die ersten Prognosen \u00fcber die Bildschirme gingen, war bei vielen von uns zwar ein stiller Seufzer zu vernehmen, aber der wich sehr schnell der Freude dar\u00fcber, dass die GR\u00dcNEN bei dieser Bundestagswahl ihr bestes Ergebnis aller Zeiten im Bund eingefahren haben. Insgesamt haben die GR\u00dcNEN im Bund 14,8% der Zweitstimmen erreicht. Das ist ein satter Zugewinn von 5,8 Prozentpunkten. Damit sind die GR\u00dcNEN die Partei mit dem st\u00e4rksten Stimmengewinn dieser Bundestagswahl. Insgesamt hat sich die Bundestagsfraktion auf 118 Sitze vergr\u00f6\u00dfert (+51). Die GR\u00dcNEN haben die Linke, die FDP und die AfD \u00fcberholt und sind nun die drittgr\u00f6\u00dfte Fraktion im Bundestag. Der Frauenanteil liegt bei 58,5% und mit einem Durchschnittsalter von 42 Jahren sind wir die j\u00fcngste Bundestagsfraktion. Insgesamt haben 16 Gr\u00fcne ihre Wahlkreise per Direktwahl gewonnen. Das gab es bei uns noch nie.<\/p>\n<p>Das Ergebnis der GR\u00dcNEN in NRW ist sogar noch besser. Hier haben die GR\u00dcNEN 16,1% der Stimmen geholt und liegen damit \u00fcber dem Bundesergebnis. Aber nicht nur das: mit Katrin Uhlig (Bonn), Maria Klein-Schmeink (M\u00fcnster), Sven Lehmann (K\u00f6ln) und Oliver Krischer (Aachen) haben erstmals vier direkt gew\u00e4hlte GR\u00dcNE aus NRW ein Mandat im Bundestag erk\u00e4mpft. Insgesamt stellt NRW 28 GR\u00dcNE Abgeordnete \u2013 mehr Abgeordnete hat kein anderer Landesverband.<\/p>\n<p>Im Wahlkreis 97 (Rhein-Sieg Kreis I) liegt das Ergebnis der GR\u00dcNEN mit 15,7% ebenfalls etwas \u00fcber dem Bundesdurchschnitt. Leider konnte unsere Direktkandidatin Lisa Ansch\u00fctz den von uns angestrebten Lisa-Wechsel nicht erreichen. Mit 14,1% belegt sie im Rennen um das Direktmandat deutlich abgeschlagen den dritten Platz. Wir ziehen unseren Hut aber trotzdem ganz tief vor ihrem Engagement und wochenlangen Einsatz, den sie zum gro\u00dfen Teil mit privaten Ressourcen organisiert hat. Nun wird sie weiterhin f\u00fcr uns GR\u00dcNE im Kreis aktiv bleiben.<\/p>\n<p>In Neunkirchen-Seelscheid haben die GR\u00dcNEN 15,6% der Zweitstimmen erreicht. Damit liegen wir zwar \u00fcber dem Ergebnis im Bund, aber wir haben unser kleines selbstgestecktes Wahlziel denkbar knapp verpasst. Wir hatten uns n\u00e4mlich selbst vorgenommen, wie bei der Europa- und Kommunalwahl wieder \u00fcber dem Landesdurchschnitt zu liegen. Immerhin, wir haben uns hier im Vergleich zur letzten Bundestagswahl um 7,25 Prozentpunkte verbessert. Das sind 996 mehr W\u00e4hlerinnen und W\u00e4hler. Erfreulich ist auch die \u00fcberdurchschnittliche Wahlbeteiligung von 83,4% in Neunkirchen-Seelscheid (Bund 76,6%). Mit einem Wahlergebnis von 19,45% ist Wolperath I der gr\u00fcnste Wahlbezirk (was den Verfasser besonders freut), gefolgt von Seelscheid IV mit 19,24%. In Neunkirchen I m\u00fcssen wir nochmal ran \u2013 hier gabs nur 9,1%.<\/p>\n<p>Nun schauen wir gebannt nach Berlin und hoffen auf Koalitionsverhandlungen, an deren Ende der W\u00e4hlerwille am besten abgebildet wird. Aus unserer Sicht braucht es eine Klimaregierung, die ihren Namen verdient. Dazu vertrauen wir unserem Parteivorsitz. Annalena und Robert, sowie die anderen Verhandler haben Erfahrung in diesen Dingen und werden bestimmt das Beste rausholen. Nicht umsonst sind die GR\u00dcNEN an zehn Landesregierungen beteiligt.<\/p>\n<p>Euch allen danken wir f\u00fcr das durch eure Stimmen ausgedr\u00fcckte Vertrauen.<\/p>\n","protected":false},"excerpt":{"rendered":"<p>Nun liegt sie hinter uns, die Bundestagswahl 2021. Nachdem wir wochenlang Wahlkampf betrieben haben, k\u00f6nnen wir GR\u00dcNEN nicht verheimlichen, dass uns ein ziemlicher Stein vom Herzen gefallen ist. Als am [&hellip;]<\/p>\n","protected":false},"author":-1,"featured_media":2258,"comment_status":"open","ping_status":"open","sticky":false,"template":"","format":"standard","meta":{"footnotes":""},"categories":[82],"tags":[171,185],"class_list":["post-2257","post","type-post","status-publish","format-standard","has-post-thumbnail","hentry","category-fraktion","tag-bundestagswahl-2021","tag-ergebnis"],"_links":{"self":[{"href":"https:\/\/gruene-nks.de\/index.php\/wp-json\/wp\/v2\/posts\/2257","targetHints":{"allow":["GET"]}}],"collection":[{"href":"https:\/\/gruene-nks.de\/index.php\/wp-json\/wp\/v2\/posts"}],"about":[{"href":"https:\/\/gruene-nks.de\/index.php\/wp-json\/wp\/v2\/types\/post"}],"author":[{"embeddable":true,"href":"https:\/\/gruene-nks.de\/index.php\/wp-json\/wp\/v2\/users\/3"}],"replies":[{"embeddable":true,"href":"https:\/\/gruene-nks.de\/index.php\/wp-json\/wp\/v2\/comments?post=2257"}],"version-history":[{"count":1,"href":"https:\/\/gruene-nks.de\/index.php\/wp-json\/wp\/v2\/posts\/2257\/revisions"}],"predecessor-version":[{"id":2259,"href":"https:\/\/gruene-nks.de\/index.php\/wp-json\/wp\/v2\/posts\/2257\/revisions\/2259"}],"wp:featuredmedia":[{"embeddable":true,"href":"https:\/\/gruene-nks.de\/index.php\/wp-json\/wp\/v2\/media\/2258"}],"wp:attachment":[{"href":"https:\/\/gruene-nks.de\/index.php\/wp-json\/wp\/v2\/media?parent=2257"}],"wp:term":[{"taxonomy":"category","embeddable":true,"href":"https:\/\/gruene-nks.de\/index.php\/wp-json\/wp\/v2\/categories?post=2257"},{"taxonomy":"post_tag","embeddable":true,"href":"https:\/\/gruene-nks.de\/index.php\/wp-json\/wp\/v2\/tags?post=2257"}],"curies":[{"name":"wp","href":"https:\/\/api.w.org\/{rel}","templated":true}]}}