{"id":2269,"date":"2021-11-12T15:00:23","date_gmt":"2021-11-12T14:00:23","guid":{"rendered":"https:\/\/gruene-nks.de\/?p=2269"},"modified":"2021-11-11T19:04:17","modified_gmt":"2021-11-11T18:04:17","slug":"klimaneutralitaet-fuer-neunkirchen-seelscheid","status":"publish","type":"post","link":"https:\/\/gruene-nks.de\/index.php\/2021\/11\/12\/klimaneutralitaet-fuer-neunkirchen-seelscheid\/","title":{"rendered":"Klimaneutralit\u00e4t f\u00fcr Neunkirchen-Seelscheid"},"content":{"rendered":"<p>Im Ausschuss <em>Umwelt, Mobilit\u00e4t und Energie<\/em> haben wir in dieser Woche erfolgreich einen Antrag gestellt, der uns GR\u00dcNEN eine Herzensangelegenheit ist: <a href=\"https:\/\/gruene-nks.de\/index.php\/2021\/11\/11\/auf-den-weg-zur-klimaneutralitaet-2035\/\" target=\"_blank\" rel=\"noopener\">Wir haben beantragt, dass Neunkirchen-Seelscheid seinen Beitrag gegen eine inakzeptable weitere Erderw\u00e4rmung leistet und bis zum Jahr 2035 klimaneutral wird<\/a>.<\/p>\n<p>Mit diesem Antrag folgen wir einer Verpflichtung, die sich aus dem Pariser Klimaschutzabkommen ableiten l\u00e4sst. Dort verpflichtet sich die Bundesrepublik Deutschland bis 2050 die Erderhitzung auf unter 2 Grad Celsius \u2013 besser auf 1,5 Grad Celsius zu beschr\u00e4nken. Dies ist ohnehin kein leichtes Unterfangen, denn bereits heute haben wir die Welt auf \u00fcber 1,2 Grad Celsius zum Referenzzeitpunkt zus\u00e4tzlich aufgeheizt. Es bleibt also nicht viel Spielraum, um das Ziel zu erreichen. Dar\u00fcber hinaus zeichnet sich das Erreichen diverser Kipppunkte f\u00fcr das Klima an, sodass es noch st\u00e4rkerer gemeinsamer Anstrengungen ben\u00f6tigt, um dem Klimawandel entgegenzuwirken. Auch die Gemeinde Neunkirchen-Seelscheid muss in diesem Zusammenhang seiner Verantwortung gerecht werden.<\/p>\n<p>Neunkirchen-Seelscheid ist f\u00fcr diesen Weg nicht schlecht ger\u00fcstet. So liegt bereits der Strukturreport der Gemeinde f\u00fcr die lokale Agenda 21 vor, in der das Erreichen der UN-Nachhaltigkeitsziele aus Sicht der Gemeinde definiert ist. Und auch mit dem Integrierten Klimaschutzkonzept (IKK) der Gemeinde liegt bereits seit 2016 ein Plan vor, inwieweit Neunkirchen-Seelscheid durch Einzelma\u00dfnahmen einen Beitrag zum Klimaschutz leisten kann.<\/p>\n<p>Dies sind lobenswerte Schritte, die rein \u00e4u\u00dferlich den Eindruck erwecken, dass von Seiten der Gemeinde einiges getan wird, um das 1,5 Grad Ziel zu erreichen.<\/p>\n<p>Die Erfahrungen der j\u00fcngeren Vergangenheit lassen jedoch Zweifel aufkommen. Bei den gro\u00dfen gemeindlichen Projekten Bauhof, Feuerwehr und Selbstlernzentrum stehen Aspekte des bauseitigen Klimaschutzes unter \u201eferner liefen\u201c. In den Aussch\u00fcssen und im Rat haben wir GR\u00dcNEN immer wieder den Fokus auf nachhaltige Heiz- und Energiekonzepte gelenkt. Auch die M\u00f6glichkeit im Rahmen der Bauarbeiten des Selbstlernzentrum die nah beieinanderliegenden \u00f6ffentlichen Geb\u00e4ude mit einem modernen Nahw\u00e4rmenetz zu versorgen, musste durch uns GR\u00dcNE aufgebracht werden. Insgesamt entsteht der Eindruck, dass Klimaschutz bei gemeindlichen Planungsvorhaben eine eher nachrangige Priorit\u00e4t hat.<\/p>\n<p>Das muss sich \u00e4ndern, wenn es die Gemeinde mit dem Klimaschutz ernst meint. Aus diesem Grund haben wir im Ausschuss ein generelles Bekenntnis der Gemeinde zur Klimaneutralit\u00e4t beantragt. Die Gemeinde soll sich verpflichten durch geeignete Mittel alles daf\u00fcr zu tun, um bis 2035 klimaneutral zu werden. Um dieses Ziel \u00fcberpr\u00fcfbar zu machen, soll die Gemeinde j\u00e4hrlich dem Rat \u00fcber die Entwicklung des Ziels Bericht erstatten.<\/p>\n<p>Mit diesem Antrag legen wir die Grundlage, unsere Umwelt und vor allem unser Klima nachhaltig f\u00fcr uns und zuk\u00fcnftige Generationen zu erhalten.<\/p>\n","protected":false},"excerpt":{"rendered":"<p>Im Ausschuss Umwelt, Mobilit\u00e4t und Energie haben wir in dieser Woche erfolgreich einen Antrag gestellt, der uns GR\u00dcNEN eine Herzensangelegenheit ist: Wir haben beantragt, dass Neunkirchen-Seelscheid seinen Beitrag gegen eine [&hellip;]<\/p>\n","protected":false},"author":-1,"featured_media":2270,"comment_status":"open","ping_status":"open","sticky":false,"template":"","format":"standard","meta":{"footnotes":""},"categories":[82],"tags":[32,186,20,187],"class_list":["post-2269","post","type-post","status-publish","format-standard","has-post-thumbnail","hentry","category-fraktion","tag-klima","tag-klimaneutralitaet","tag-klimaschutz","tag-rat"],"_links":{"self":[{"href":"https:\/\/gruene-nks.de\/index.php\/wp-json\/wp\/v2\/posts\/2269","targetHints":{"allow":["GET"]}}],"collection":[{"href":"https:\/\/gruene-nks.de\/index.php\/wp-json\/wp\/v2\/posts"}],"about":[{"href":"https:\/\/gruene-nks.de\/index.php\/wp-json\/wp\/v2\/types\/post"}],"author":[{"embeddable":true,"href":"https:\/\/gruene-nks.de\/index.php\/wp-json\/wp\/v2\/users\/3"}],"replies":[{"embeddable":true,"href":"https:\/\/gruene-nks.de\/index.php\/wp-json\/wp\/v2\/comments?post=2269"}],"version-history":[{"count":3,"href":"https:\/\/gruene-nks.de\/index.php\/wp-json\/wp\/v2\/posts\/2269\/revisions"}],"predecessor-version":[{"id":2275,"href":"https:\/\/gruene-nks.de\/index.php\/wp-json\/wp\/v2\/posts\/2269\/revisions\/2275"}],"wp:featuredmedia":[{"embeddable":true,"href":"https:\/\/gruene-nks.de\/index.php\/wp-json\/wp\/v2\/media\/2270"}],"wp:attachment":[{"href":"https:\/\/gruene-nks.de\/index.php\/wp-json\/wp\/v2\/media?parent=2269"}],"wp:term":[{"taxonomy":"category","embeddable":true,"href":"https:\/\/gruene-nks.de\/index.php\/wp-json\/wp\/v2\/categories?post=2269"},{"taxonomy":"post_tag","embeddable":true,"href":"https:\/\/gruene-nks.de\/index.php\/wp-json\/wp\/v2\/tags?post=2269"}],"curies":[{"name":"wp","href":"https:\/\/api.w.org\/{rel}","templated":true}]}}