{"id":2313,"date":"2022-03-16T11:09:58","date_gmt":"2022-03-16T10:09:58","guid":{"rendered":"https:\/\/gruene-nks.de\/?p=2313"},"modified":"2022-03-16T11:09:58","modified_gmt":"2022-03-16T10:09:58","slug":"eure-unterstuetzung-fuer-gefluechtete-aus-der-ukraine","status":"publish","type":"post","link":"https:\/\/gruene-nks.de\/index.php\/2022\/03\/16\/eure-unterstuetzung-fuer-gefluechtete-aus-der-ukraine\/","title":{"rendered":"Eure Unterst\u00fctzung f\u00fcr Gefl\u00fcchtete aus der Ukraine"},"content":{"rendered":"<h3>CDU, SPD, GR\u00dcNE und FDP mit vereinten Kr\u00e4ften<\/h3>\n<p>Der russische Angriffskrieg gegen die Ukraine besch\u00e4ftigt uns seit drei Wochen. T\u00e4glich beherrscht das Thema unsere Gedanken und Gespr\u00e4che. Dabei sind wir uns einig: Wir stehen fest an der Seite der Menschen aus der Ukraine und ihrem Recht auf Freiheit und Selbstbestimmung.<\/p>\n<p>Die Auswirkungen des Kriegs treibt Millionen ukrainischer Menschen aus ihrem Land. W\u00e4hrend Polen bisher die meisten Ukrainerinnen und Ukrainer aufgenommen hat, kommen nun auch immer mehr Gefl\u00fcchtete in unserem Teil Deutschland an. Alle Verantwortlichen sind sich darin einig: die Anzahl der Gefl\u00fcchteten durch den russischen Krieg in der Ukraine wird die Anzahl der Gefl\u00fcchteten im Jahr 2015 weit \u00fcbersteigen. Wir stehen als Gesellschaft vor einer gro\u00dfen Herausforderung, den Menschen aus der Ukraine in diesen schweren Zeiten Schutz und Unterst\u00fctzung zu bieten.<\/p>\n<p>Deshalb gilt es, sich nun schnell auf die Situation vorzubereiten. So hat der Kreis beispielsweise eine Arbeitsgruppe Ukraine eingerichtet. Und auch in Neunkirchen-Seelscheid laufen die Vorbereitungen auf Hochtouren. Bei den \u00dcberlegungen, wo wir in unserer Gemeinde auf die Schnelle viele Menschen unterbringen, ist in der Gemeindeverwaltung der Blick auf den ehemaligen Thurn-Betrieb gefallen (Gewerbegebiet Neunkirchen-S\u00fcd). Hier steht ein ganzes Verwaltungsgeb\u00e4ude teilweise leer, welches mit wenig Aufwand vielen Gefl\u00fcchteten als Unterkunft dienen kann.<\/p>\n<p><strong>CDU, SPD, GR\u00dcNE und FDP haben der Verwaltung umgehend Hilfe angeboten, damit das Vorhaben z\u00fcgig umgesetzt werden kann und rufen zu einer Sammelaktion auf. Kurzfristig werden folgende Arten von Sachspenden erbeten, die ben\u00f6tigt werden, um die R\u00e4umlichkeiten in Unterk\u00fcnfte zu verwandeln: Oberbetten, Kopfkissen, Spannbettlaken, Bettzeug, (Woll-) Decken, Handt\u00fccher, Duscht\u00fccher, Waschlappen und Geschirrt\u00fccher. Wir k\u00f6nnen nur gereinigte und unbesch\u00e4digte Sachspenden verwenden und annehmen.<\/strong><\/p>\n<p><strong>Wenn ihr die Gemeinde bei der Versorgung Gefl\u00fcchteter Menschen aus der Ukraine unterst\u00fctzen k\u00f6nnt, bringt derartige Sachspenden am Sonntag, den 20.03.2022 zwischen 15:00 und 17:00 Uhr direkt zum Hauptgeb\u00e4ude des ehemaligen Thurn-Betriebs, Henneferstr.2, im Ortsteil Neunkirchen. Wir nehmen eure Spenden direkt gegen\u00fcber dem Eingang des Test- und Impfzentrums entgegen. Bei etwaigen Fragen oder gew\u00fcnschten individuellen Abgabeterminen k\u00f6nnt ihr uns auch t\u00e4glich zwischen 8:00 und 18:00 Uhr unter der Telefonnummer 0174 8461648 anrufen.<\/strong><\/p>\n<p>Lasst uns gemeinsam den Gefl\u00fcchteten in unserer Gemeinde einen friedlichen Empfang bereiten und Geborgenheit in diesen bitteren Zeiten bieten.<\/p>\n","protected":false},"excerpt":{"rendered":"<p>CDU, SPD, GR\u00dcNE und FDP mit vereinten Kr\u00e4ften Der russische Angriffskrieg gegen die Ukraine besch\u00e4ftigt uns seit drei Wochen. T\u00e4glich beherrscht das Thema unsere Gedanken und Gespr\u00e4che. Dabei sind wir [&hellip;]<\/p>\n","protected":false},"author":-1,"featured_media":2310,"comment_status":"open","ping_status":"open","sticky":false,"template":"","format":"standard","meta":{"footnotes":""},"categories":[82,88],"tags":[197,198,196],"class_list":["post-2313","post","type-post","status-publish","format-standard","has-post-thumbnail","hentry","category-fraktion","category-ov","tag-gefluechtete","tag-sammelaktion","tag-ukraine"],"_links":{"self":[{"href":"https:\/\/gruene-nks.de\/index.php\/wp-json\/wp\/v2\/posts\/2313","targetHints":{"allow":["GET"]}}],"collection":[{"href":"https:\/\/gruene-nks.de\/index.php\/wp-json\/wp\/v2\/posts"}],"about":[{"href":"https:\/\/gruene-nks.de\/index.php\/wp-json\/wp\/v2\/types\/post"}],"author":[{"embeddable":true,"href":"https:\/\/gruene-nks.de\/index.php\/wp-json\/wp\/v2\/users\/3"}],"replies":[{"embeddable":true,"href":"https:\/\/gruene-nks.de\/index.php\/wp-json\/wp\/v2\/comments?post=2313"}],"version-history":[{"count":1,"href":"https:\/\/gruene-nks.de\/index.php\/wp-json\/wp\/v2\/posts\/2313\/revisions"}],"predecessor-version":[{"id":2314,"href":"https:\/\/gruene-nks.de\/index.php\/wp-json\/wp\/v2\/posts\/2313\/revisions\/2314"}],"wp:featuredmedia":[{"embeddable":true,"href":"https:\/\/gruene-nks.de\/index.php\/wp-json\/wp\/v2\/media\/2310"}],"wp:attachment":[{"href":"https:\/\/gruene-nks.de\/index.php\/wp-json\/wp\/v2\/media?parent=2313"}],"wp:term":[{"taxonomy":"category","embeddable":true,"href":"https:\/\/gruene-nks.de\/index.php\/wp-json\/wp\/v2\/categories?post=2313"},{"taxonomy":"post_tag","embeddable":true,"href":"https:\/\/gruene-nks.de\/index.php\/wp-json\/wp\/v2\/tags?post=2313"}],"curies":[{"name":"wp","href":"https:\/\/api.w.org\/{rel}","templated":true}]}}