{"id":2424,"date":"2022-12-16T08:53:21","date_gmt":"2022-12-16T07:53:21","guid":{"rendered":"https:\/\/gruene-nks.de\/?p=2424"},"modified":"2022-12-16T08:53:21","modified_gmt":"2022-12-16T07:53:21","slug":"positive-jahresbilanz-mit-beigeschmack","status":"publish","type":"post","link":"https:\/\/gruene-nks.de\/index.php\/2022\/12\/16\/positive-jahresbilanz-mit-beigeschmack\/","title":{"rendered":"Positive Jahresbilanz mit Beigeschmack"},"content":{"rendered":"<p>Schon wieder ist ein Jahr rum \u2013 und deshalb bietet es sich an, auf 2022 zur\u00fcckzublicken und unser politisches Wirken in der Gemeinde noch einmal zu betrachten.<\/p>\n<p>Direkt im Januar konnten wir ein wichtiges GR\u00dcNES Anliegen umsetzen. Der Umweltausschuss beschloss einstimmig unseren Antrag, dass unsere Gemeinde bis zum Jahre 2035 Klimaneutralit\u00e4t erreichen soll. Durch den Beschluss soll die Gemeinde einmal im Jahr berichten, inwiefern sich Indikatoren aus dem Bereich Umwelt zum Vorjahr ver\u00e4ndert haben. Nat\u00fcrlich m\u00fcssen wir jetzt dranbleiben, damit sich dieser Beschluss nicht als zahnloser Papiertiger erweist. Ein Einsatz f\u00fcr die Klimaneutralit\u00e4t in unserer Gemeinde war eins unserer Wahlversprechen.<\/p>\n<p>Mit unserem Einsatz f\u00fcr eine Senkung der Grundsteuer um den Wert, der im vorigen Haushalt f\u00fcr die Finanzierung eines Gutachtens f\u00fcr ein Radwegekonzept angesetzt wurde, haben wir eine weitere Aussage unseres Wahlprogramms umsetzen k\u00f6nnen. Leider l\u00e4sst das besagte Radwegekonzept jedoch weiter auf sich warten. Erst seit diesem Dezember wird dieses Projekt durch die Gemeinde weiterbetrieben. Wenn das Radwegekonzept vorliegt, wird es unserer Gemeinde erm\u00f6glichen viel fahrradfreundlicher zu werden. Das bleibt auch n\u00f6tig, denn im Fahrradklimatest belegen wir immer noch einen Platz auf den hintersten R\u00e4ngen.<\/p>\n<p>Ein gro\u00dfer Aufreger dieses Jahres lag in der Frage, wie die Einfachsporthalle in Seelscheid angemessen in Schuss gebracht werden kann. Hier sieht die bisherige Planung den Abriss und den Neubau einer sog. KulTurnhalle vor. Wir konnten im Rat darauf hinwirken, dass dem Rat vorerst dargestellt wird, ob ein Neubau \u00f6kologisch sinnvoller als eine Sanierung der alten Halle ist. Das Ergebnis steht Stand heute noch aus.<\/p>\n<p>\u00c4hnlich umstritten und in den Aussch\u00fcssen und im Rat hei\u00df diskutiert, wurde die Entscheidung um den Neubau eines neuen Kindergartens in Seelscheid. Hier begr\u00fc\u00dfen wir ausdr\u00fccklich, wie sich die Dinge j\u00fcngst entwickelt haben. Der neue Standort eignet sich unserer Meinung nach viel besser f\u00fcr den neuen Kindergarten. Nicht nur, dass sich seit Beginn der Planung die Gr\u00f6\u00dfe des Kindergartens zu Ungunsten der urspr\u00fcnglich zur Verf\u00fcgung stehenden Fl\u00e4che am Bicester Park ver\u00e4ndert hat. Wir fanden auch den Standort in direkter Nachbarschaft zu zwei Schulen und zwei anderen Kinderg\u00e4rten wegen des zu erwartenden Verkehrsaufkommens mehr als fragw\u00fcrdig. Gut, dass wir an dieser Stelle unserer Position treu geblieben sind und nicht dem Dr\u00e4ngeln und Zetern derer nachgegeben haben, die ganz schnell und wenig nachhaltig Fakten schaffen wollten.<\/p>\n<p>Dies sind nur einige der Dinge, die uns in diesem Jahr besch\u00e4ftigt haben. Vor dem Hintergrund des russischen Angriffskriegs auf die Ukraine haben sich zum (hoffentlichen) Ende der Corona-Pandemie bereits neue Herausforderungen f\u00fcr die Gemeinde aufgetan. Durch die Ereignisse dieses Jahres haben wir viele Mitarbeiterinnen und Mitarbeiter der Verwaltung durch eine andere Brille kennen- und sch\u00e4tzen gelernt. Das Engagement im Zusammenhang mit der Versorgung der Gefl\u00fcchteten auf dem Gel\u00e4nde des Gewerbegebiets Neunkirchen-S\u00fcd verdient h\u00f6chste Anerkennung \u2013 wobei man auch nicht die zahlreichen Freiwilligen vergessen darf. Der Grad des b\u00fcrgerlichen Engagements ist eindrucksvoll und l\u00e4sst uns zuversichtlich in die Zukunft blicken.<\/p>\n<p>Dabei gibt es genug Dinge, die uns Sorgen machen sollten. Zunehmend werden Ausschusssitzungen mangels Beratungspunkte abgesagt. Auch die seit Monaten gro\u00df angek\u00fcndigte Strategieklausur von Verwaltung und Ratsfraktionen wurde vorerst abgesagt. Wir hoffen, dass die Absagewelle kein Vorbote eines nahenden Stillstands der Verwaltung darstellt.<\/p>\n<p>Im Jahr 2023 werden wir uns weiterhin f\u00fcr euch einsetzen und unsere GR\u00dcNEN Ziele f\u00fcr euch weiterverfolgen. Dabei bauen wir auf weiterhin gute Gespr\u00e4che und konstruktive Zusammenarbeit mit den anderen demokratischen Fraktionen in unserem Rat und in der Verwaltung.<\/p>\n","protected":false},"excerpt":{"rendered":"<p>Schon wieder ist ein Jahr rum \u2013 und deshalb bietet es sich an, auf 2022 zur\u00fcckzublicken und unser politisches Wirken in der Gemeinde noch einmal zu betrachten. Direkt im Januar [&hellip;]<\/p>\n","protected":false},"author":-1,"featured_media":2425,"comment_status":"open","ping_status":"open","sticky":false,"template":"","format":"standard","meta":{"footnotes":""},"categories":[82],"tags":[214,213],"class_list":["post-2424","post","type-post","status-publish","format-standard","has-post-thumbnail","hentry","category-fraktion","tag-214","tag-jahresrueckblick"],"_links":{"self":[{"href":"https:\/\/gruene-nks.de\/index.php\/wp-json\/wp\/v2\/posts\/2424","targetHints":{"allow":["GET"]}}],"collection":[{"href":"https:\/\/gruene-nks.de\/index.php\/wp-json\/wp\/v2\/posts"}],"about":[{"href":"https:\/\/gruene-nks.de\/index.php\/wp-json\/wp\/v2\/types\/post"}],"author":[{"embeddable":true,"href":"https:\/\/gruene-nks.de\/index.php\/wp-json\/wp\/v2\/users\/3"}],"replies":[{"embeddable":true,"href":"https:\/\/gruene-nks.de\/index.php\/wp-json\/wp\/v2\/comments?post=2424"}],"version-history":[{"count":1,"href":"https:\/\/gruene-nks.de\/index.php\/wp-json\/wp\/v2\/posts\/2424\/revisions"}],"predecessor-version":[{"id":2426,"href":"https:\/\/gruene-nks.de\/index.php\/wp-json\/wp\/v2\/posts\/2424\/revisions\/2426"}],"wp:featuredmedia":[{"embeddable":true,"href":"https:\/\/gruene-nks.de\/index.php\/wp-json\/wp\/v2\/media\/2425"}],"wp:attachment":[{"href":"https:\/\/gruene-nks.de\/index.php\/wp-json\/wp\/v2\/media?parent=2424"}],"wp:term":[{"taxonomy":"category","embeddable":true,"href":"https:\/\/gruene-nks.de\/index.php\/wp-json\/wp\/v2\/categories?post=2424"},{"taxonomy":"post_tag","embeddable":true,"href":"https:\/\/gruene-nks.de\/index.php\/wp-json\/wp\/v2\/tags?post=2424"}],"curies":[{"name":"wp","href":"https:\/\/api.w.org\/{rel}","templated":true}]}}