{"id":2475,"date":"2023-08-29T20:49:26","date_gmt":"2023-08-29T18:49:26","guid":{"rendered":"https:\/\/gruene-nks.de\/?p=2475"},"modified":"2023-08-29T20:49:26","modified_gmt":"2023-08-29T18:49:26","slug":"strategietreffen-der-fraktion","status":"publish","type":"post","link":"https:\/\/gruene-nks.de\/index.php\/2023\/08\/29\/strategietreffen-der-fraktion\/","title":{"rendered":"Strategietreffen der Fraktion"},"content":{"rendered":"<p>In regelm\u00e4\u00dfigen Abst\u00e4nden verabreden wir uns au\u00dferhalb der Fraktionssitzungen zu einem konzentrierten Arbeitstreffen. Am vergangenen Samstag war es wieder so weit. Fraktion uns Sachkundige B\u00fcrgerinnen und B\u00fcrger trafen sich im Europahotel in Hennef. Dabei haben wir nicht nur bewertet, was wir bereits erreicht haben, sondern auch betrachtet, was uns kurz- und mittelfristig besonders wichtig ist.<\/p>\n<p>Daf\u00fcr haben wir nochmal unser Wahlprogramm zur Kommunalwahl vor drei Jahren rausgeholt. Zufrieden sind wir vor allem in den Bereichen, in denen wir auf der Grundlage deutlicher Haltungen in den Aussch\u00fcssen und im Rat unser F\u00e4hnchen hochhalten konnten. Beispielsweise bei der Ortsentwicklung, bei wirtschaftlichen Entscheidungen oder bei der Konsolidierung des Gemeindehaushalts. Hier haben wir bisher eine deutliche Marke gesetzt.<\/p>\n<p>Au\u00dferdem haben wir wichtige Weichen gestellt. Durch unseren Antrag verpflichtet sich die Gemeinde zur <strong>Klimaneutralit\u00e4t bis 2035<\/strong>. Au\u00dferdem haben wir ein <strong>Radwegekonzept<\/strong> auf den Weg gebracht, welches in diesem Herbst in die n\u00e4chste Planungsphase geht. Die Gemeinde erarbeitet aufgrund unserer Initiative eine <strong>Beleuchtungssatzung<\/strong>. Ebenfalls auf unserer Initiative wird ein <strong>Nahw\u00e4rmenetz<\/strong> f\u00fcr die gemeindlichen Geb\u00e4ude Rund um die Gesamtschule erarbeitet.<\/p>\n<p>W\u00e4hrend unserer Sitzung sind wir immer wieder bei der Entwicklung des Gemeindehaushalts h\u00e4ngengeblieben. In K\u00fcrze werden wir in einer Haushaltsklausur den Entwurf unseres K\u00e4mmerers genau untersuchen. Schon jetzt ist klar, dass die Aussichten d\u00fcster sind. Es stehen in den n\u00e4chsten drei Jahren empfindliche Erh\u00f6hungen der Hebes\u00e4tze an \u2013 nicht so drastisch wie in umliegenden Kommunen, aber sehr sp\u00fcrbar. Wir haben uns immer daf\u00fcr eingesetzt, dass die Geldbeutel der B\u00fcrgerinnen und B\u00fcrger geschont werden. In diesem Sinne haben wir beschlossen, bei der Aufarbeitung der Haushaltslage schonungslos die Gr\u00fcnde f\u00fcr unsere hohen Kosten in der Gemeinde zu adressieren. Es muss deutlich gemacht werden, dass eine neue Feuerwehr, ein Selbstlernzentrum oder eine KulTurnhalle \u201enice-to-have\u201c sind, letztlich aber Geld kosten, das durch unsere Steuern aufgebracht werden muss. Bei der Entwicklung neuer Bauprojekte muss ber\u00fccksichtigt werden, wie hoch die Kosten f\u00fcr die Allgemeinheit sind, wenn private Investoren einen lukrativen Plan verfolgen. Wir alle m\u00f6chten ein Schwimmbad und trotzdem d\u00fcrfen wir nicht vergessen, wie teuer uns die Aquarena zu stehen kommt.<\/p>\n<p>Diese Punkte darf man nicht aus dem Blick verlieren und gleichzeitig stehen schon die n\u00e4chsten Herausforderungen vor der T\u00fcr. Wir werden uns stark machen f\u00fcr ein Jugendzentrum, das unseren Kindern und Jugendlichen in der Gemeinde in Zukunft noch bessere Perspektiven bieten kann. Im Bereich der Mobilit\u00e4t m\u00fcssen wir \u00fcber das Radwegekonzept hinaus denken und weitere Alternativen zum individuellen Autoverkehr in der Gemeinde schaffen.<\/p>\n<p>Wir h\u00e4tten unsere Strategiesitzung m\u00fchelos \u00fcber mehrere Tage abhalten k\u00f6nnen. Aber nach \u00fcber sechs Stunden haben wir geschlossen. Die Themen sind reichhaltig und wir sind uns sicher, dass ihr noch weitere Anregungen habt. Beim Seelscheider Sommer am 10.09. gibt es die n\u00e4chste Gelegenheit zum Austausch. Wir freuen uns auf euren Besuch und auf gute Gespr\u00e4che.<\/p>\n","protected":false},"excerpt":{"rendered":"<p>In regelm\u00e4\u00dfigen Abst\u00e4nden verabreden wir uns au\u00dferhalb der Fraktionssitzungen zu einem konzentrierten Arbeitstreffen. Am vergangenen Samstag war es wieder so weit. Fraktion uns Sachkundige B\u00fcrgerinnen und B\u00fcrger trafen sich im [&hellip;]<\/p>\n","protected":false},"author":-1,"featured_media":2476,"comment_status":"open","ping_status":"open","sticky":false,"template":"","format":"standard","meta":{"footnotes":""},"categories":[82],"tags":[222,221,86,103,220],"class_list":["post-2475","post","type-post","status-publish","format-standard","has-post-thumbnail","hentry","category-fraktion","tag-abgaben","tag-ausblick","tag-fraktion","tag-haushalt","tag-strategie"],"_links":{"self":[{"href":"https:\/\/gruene-nks.de\/index.php\/wp-json\/wp\/v2\/posts\/2475","targetHints":{"allow":["GET"]}}],"collection":[{"href":"https:\/\/gruene-nks.de\/index.php\/wp-json\/wp\/v2\/posts"}],"about":[{"href":"https:\/\/gruene-nks.de\/index.php\/wp-json\/wp\/v2\/types\/post"}],"author":[{"embeddable":true,"href":"https:\/\/gruene-nks.de\/index.php\/wp-json\/wp\/v2\/users\/3"}],"replies":[{"embeddable":true,"href":"https:\/\/gruene-nks.de\/index.php\/wp-json\/wp\/v2\/comments?post=2475"}],"version-history":[{"count":1,"href":"https:\/\/gruene-nks.de\/index.php\/wp-json\/wp\/v2\/posts\/2475\/revisions"}],"predecessor-version":[{"id":2477,"href":"https:\/\/gruene-nks.de\/index.php\/wp-json\/wp\/v2\/posts\/2475\/revisions\/2477"}],"wp:featuredmedia":[{"embeddable":true,"href":"https:\/\/gruene-nks.de\/index.php\/wp-json\/wp\/v2\/media\/2476"}],"wp:attachment":[{"href":"https:\/\/gruene-nks.de\/index.php\/wp-json\/wp\/v2\/media?parent=2475"}],"wp:term":[{"taxonomy":"category","embeddable":true,"href":"https:\/\/gruene-nks.de\/index.php\/wp-json\/wp\/v2\/categories?post=2475"},{"taxonomy":"post_tag","embeddable":true,"href":"https:\/\/gruene-nks.de\/index.php\/wp-json\/wp\/v2\/tags?post=2475"}],"curies":[{"name":"wp","href":"https:\/\/api.w.org\/{rel}","templated":true}]}}