{"id":2491,"date":"2023-12-13T11:00:02","date_gmt":"2023-12-13T10:00:02","guid":{"rendered":"https:\/\/gruene-nks.de\/?p=2491"},"modified":"2024-09-13T23:16:15","modified_gmt":"2024-09-13T21:16:15","slug":"keine-leichte-entscheidung-glasfaser-ausbauprogramm-graue-flecken","status":"publish","type":"post","link":"https:\/\/gruene-nks.de\/index.php\/2023\/12\/13\/keine-leichte-entscheidung-glasfaser-ausbauprogramm-graue-flecken\/","title":{"rendered":"Keine leichte Entscheidung: Glasfaser-Ausbauprogramm &#8222;Graue Flecken&#8220;"},"content":{"rendered":"<p>In den letzten Wochen gab es viel Aufregung und Verwirrung rund um die Entscheidung zur Teilnahme am Glasfaser-Ausbauprogramm &#8222;Graue Flecken&#8220;. Dabei wurden einige populistische Behauptungen aufgestellt und Sachverhalte falsch dargestellt.<\/p>\n<p>Um es von Anfang an klarzustellen: Die GR\u00dcNEN haben sich zu keinem Zeitpunkt gegen die Digitalisierung oder gegen den Ausbau der Infrastruktur in unserer Gemeinde ausgesprochen. Die F\u00f6rderung des Ausbaus der digitalen Infrastruktur ist genauso Teil unseres Wahlprogramms wie die Vermeidung von Grundsteuererh\u00f6hungen.<\/p>\n<p>Eine Teilnahme am &#8222;Graue Flecken&#8220;-Programm h\u00e4tte bis zur letzten Ratssitzung eine Grundsteuererh\u00f6hung um 78 Prozentpunkte zur Folge gehabt. Das h\u00e4tte eine Mehrbelastung von rund 200 Euro pro Haushalt \u00fcber die Grundsteuer B bedeutet. Wenn man dieses wichtige Detail st\u00e4rker in den Fokus r\u00fcckt, verliert die Mehrheit der B\u00fcrgerinnen und B\u00fcrger schnell die Begeisterung f\u00fcr diese Zukunftstechnologie. Besonders, wenn deutlich wird, dass man f\u00fcr diesen Preis keine fl\u00e4chendeckende Glasfaseranbindung bis an die Schreibtische aller Haushalte in Neunkirchen-Seelscheid erh\u00e4lt. Stattdessen handelt es sich um einen Teilausbau, von dem potenziell 1.772 Anschl\u00fcsse profitieren k\u00f6nnen, sofern sie bereit sind, entsprechende Vertr\u00e4ge abzuschlie\u00dfen und die Anschlusskosten f\u00fcr ihre Haushalte und Betriebe zu tragen.<\/p>\n<p>Wir GR\u00dcNEN haben von Anfang an das Kosten-Nutzen-Verh\u00e4ltnis dieses Projekts in Frage gestellt. Unsere Recherchen und Nachfragen im Rat haben nicht dazu gef\u00fchrt, dass die Verwaltung auf unsere Bedenken eingegangen ist. Erst in der au\u00dferordentlichen Ratssitzung am vergangenen Montag konnte der Kosten-Nutzen-Widerspruch aufgel\u00f6st werden. Dar\u00fcber sind wir sehr froh. Die Gemeinde kann nun am Ausbauprogramm der &#8222;Grauen Flecken&#8220; teilnehmen, ohne dass die Grundsteuern erh\u00f6ht werden m\u00fcssen.<\/p>\n<p>Dennoch d\u00fcrfen wir uns nichts vormachen. Die Verpflichtung, eine Eigenleistung von etwa 2 Millionen Euro zu erbringen, besteht nach wie vor. In Zukunft wird es unsere Aufgabe sein, dieses Geld an anderer Stelle einzusparen, um die B\u00fcrgerinnen und B\u00fcrger nicht zus\u00e4tzlich zu belasten. Dabei ist f\u00fcr uns GR\u00dcNE klar: Man kann nicht einfach im ersten Reflex handstreichm\u00e4\u00dfig in die Taschen der B\u00fcrgerinnen und B\u00fcrger greifen.<\/p>\n","protected":false},"excerpt":{"rendered":"<p>In den letzten Wochen gab es viel Aufregung und Verwirrung rund um die Entscheidung zur Teilnahme am Glasfaser-Ausbauprogramm &#8222;Graue Flecken&#8220;. Dabei wurden einige populistische Behauptungen aufgestellt und Sachverhalte falsch dargestellt. [&hellip;]<\/p>\n","protected":false},"author":-1,"featured_media":2565,"comment_status":"open","ping_status":"open","sticky":false,"template":"","format":"standard","meta":{"footnotes":""},"categories":[82],"tags":[45,86,227,226],"class_list":["post-2491","post","type-post","status-publish","format-standard","has-post-thumbnail","hentry","category-fraktion","tag-digitalisierung","tag-fraktion","tag-glasfaser","tag-graue-flecken"],"_links":{"self":[{"href":"https:\/\/gruene-nks.de\/index.php\/wp-json\/wp\/v2\/posts\/2491","targetHints":{"allow":["GET"]}}],"collection":[{"href":"https:\/\/gruene-nks.de\/index.php\/wp-json\/wp\/v2\/posts"}],"about":[{"href":"https:\/\/gruene-nks.de\/index.php\/wp-json\/wp\/v2\/types\/post"}],"author":[{"embeddable":true,"href":"https:\/\/gruene-nks.de\/index.php\/wp-json\/wp\/v2\/users\/3"}],"replies":[{"embeddable":true,"href":"https:\/\/gruene-nks.de\/index.php\/wp-json\/wp\/v2\/comments?post=2491"}],"version-history":[{"count":3,"href":"https:\/\/gruene-nks.de\/index.php\/wp-json\/wp\/v2\/posts\/2491\/revisions"}],"predecessor-version":[{"id":2495,"href":"https:\/\/gruene-nks.de\/index.php\/wp-json\/wp\/v2\/posts\/2491\/revisions\/2495"}],"wp:featuredmedia":[{"embeddable":true,"href":"https:\/\/gruene-nks.de\/index.php\/wp-json\/wp\/v2\/media\/2565"}],"wp:attachment":[{"href":"https:\/\/gruene-nks.de\/index.php\/wp-json\/wp\/v2\/media?parent=2491"}],"wp:term":[{"taxonomy":"category","embeddable":true,"href":"https:\/\/gruene-nks.de\/index.php\/wp-json\/wp\/v2\/categories?post=2491"},{"taxonomy":"post_tag","embeddable":true,"href":"https:\/\/gruene-nks.de\/index.php\/wp-json\/wp\/v2\/tags?post=2491"}],"curies":[{"name":"wp","href":"https:\/\/api.w.org\/{rel}","templated":true}]}}