{"id":2608,"date":"2025-02-09T14:51:27","date_gmt":"2025-02-09T13:51:27","guid":{"rendered":"https:\/\/gruene-nks.de\/?p=2608"},"modified":"2025-02-09T14:51:27","modified_gmt":"2025-02-09T13:51:27","slug":"stammtisch-mit-rebecca-stuemper","status":"publish","type":"post","link":"https:\/\/gruene-nks.de\/index.php\/2025\/02\/09\/stammtisch-mit-rebecca-stuemper\/","title":{"rendered":"Stammtisch mit Rebecca St\u00fcmper"},"content":{"rendered":"<p>Wir haben Rebecca St\u00fcmper zu Gast. Sie ist unsere Direktkandidatin f\u00fcr die Bundestagswahl am 23.02.25. Wir freuen uns darauf, sie besser kennenzulernen. Auch nicht-Mitglieder der Gr\u00fcnen sind willkommen \u2013 bitte schreibt uns nach M\u00f6glichkeit im Vorfeld eine Mail, damit wir den Platzbedarf besser absch\u00e4tzen k\u00f6nnen.<\/p>\n<p>Mittwoch, 12.02.25 um 19:00 Uhr im Landgasthof Herchenbach<\/p>\n","protected":false},"excerpt":{"rendered":"<p>Wir haben Rebecca St\u00fcmper zu Gast. Sie ist unsere Direktkandidatin f\u00fcr die Bundestagswahl am 23.02.25. Wir freuen uns darauf, sie besser kennenzulernen. Auch nicht-Mitglieder der Gr\u00fcnen sind willkommen \u2013 bitte [&hellip;]<\/p>\n","protected":false},"author":-1,"featured_media":2609,"comment_status":"open","ping_status":"open","sticky":false,"template":"","format":"standard","meta":{"footnotes":""},"categories":[88],"tags":[232,152],"class_list":["post-2608","post","type-post","status-publish","format-standard","has-post-thumbnail","hentry","category-ov","tag-bundestagswahl-2025","tag-stammtisch"],"_links":{"self":[{"href":"https:\/\/gruene-nks.de\/index.php\/wp-json\/wp\/v2\/posts\/2608","targetHints":{"allow":["GET"]}}],"collection":[{"href":"https:\/\/gruene-nks.de\/index.php\/wp-json\/wp\/v2\/posts"}],"about":[{"href":"https:\/\/gruene-nks.de\/index.php\/wp-json\/wp\/v2\/types\/post"}],"author":[{"embeddable":true,"href":"https:\/\/gruene-nks.de\/index.php\/wp-json\/wp\/v2\/users\/3"}],"replies":[{"embeddable":true,"href":"https:\/\/gruene-nks.de\/index.php\/wp-json\/wp\/v2\/comments?post=2608"}],"version-history":[{"count":1,"href":"https:\/\/gruene-nks.de\/index.php\/wp-json\/wp\/v2\/posts\/2608\/revisions"}],"predecessor-version":[{"id":2610,"href":"https:\/\/gruene-nks.de\/index.php\/wp-json\/wp\/v2\/posts\/2608\/revisions\/2610"}],"wp:featuredmedia":[{"embeddable":true,"href":"https:\/\/gruene-nks.de\/index.php\/wp-json\/wp\/v2\/media\/2609"}],"wp:attachment":[{"href":"https:\/\/gruene-nks.de\/index.php\/wp-json\/wp\/v2\/media?parent=2608"}],"wp:term":[{"taxonomy":"category","embeddable":true,"href":"https:\/\/gruene-nks.de\/index.php\/wp-json\/wp\/v2\/categories?post=2608"},{"taxonomy":"post_tag","embeddable":true,"href":"https:\/\/gruene-nks.de\/index.php\/wp-json\/wp\/v2\/tags?post=2608"}],"curies":[{"name":"wp","href":"https:\/\/api.w.org\/{rel}","templated":true}]}}