{"id":2615,"date":"2025-05-02T16:29:07","date_gmt":"2025-05-02T14:29:07","guid":{"rendered":"https:\/\/gruene-nks.de\/?p=2615"},"modified":"2025-05-02T16:29:07","modified_gmt":"2025-05-02T14:29:07","slug":"neunkirchens-zentrum-ohne-oeffentlichen-treffpunkt-fuer-erwachsene","status":"publish","type":"post","link":"https:\/\/gruene-nks.de\/index.php\/2025\/05\/02\/neunkirchens-zentrum-ohne-oeffentlichen-treffpunkt-fuer-erwachsene\/","title":{"rendered":"Neunkirchens Zentrum ohne \u00f6ffentlichen Treffpunkt f\u00fcr Erwachsene?"},"content":{"rendered":"<p>Soll das letzte f\u00fcr die Dorfgemeinschaft entwickelbare Idyll im Zentrum Neunkirchens der blinden Wohnungsbau-Wut weichen? Wohnraum ist wichtig, und auch wir GR\u00dcNE unterst\u00fctzen die Verdichtung unserer Ortszentren in Neunkirchen und Seelscheid, um bezahlbaren Wohnraum zu schaffen. Aber nicht um jeden Preis!<\/p>\n<p>Noch vor einigen Jahren hatte Neunkirchen mit dem Areal hinter dem Marktplatz und der Fl\u00e4che vor dem Antonius Kolleg einen kleinen und einen gro\u00dfen Park im Zentrum. Diese mussten baulichen Notwendigkeiten weichen. Ginge es nach dem Willen der Bef\u00fcrworter soll nun auch noch die letzte \u00f6ffentliche Freifl\u00e4che Neunkirchens an der Schmiedestrasse weichen. Es geht um die Fl\u00e4che oberhalb des Kinderspielplatzes, die in der letzten Sitzung des Ausschusses f\u00fcr Planen, Bauen und Wohnen diskutiert wurde.<\/p>\n<p>Wird diese Fl\u00e4che bebaut, g\u00e4be es keine \u00f6ffentliche Gr\u00fcnfl\u00e4che mehr, die als Treffpunkt f\u00fcr die Dorfgemeinschaft entwickelt werden k\u00f6nnte. Die Vorstellung, das Ortszentrum Neunkirchens mit Wohngeb\u00e4uden zu verdichten, scheint f\u00fcr die Bef\u00fcrworter im Ausschuss attraktiver zu sein als die Verbesserung der Lebensqualit\u00e4t aller B\u00fcrgerinnen und B\u00fcrger. Wir denken beispielsweise an jene Menschen mit eingeschr\u00e4nkter Mobilit\u00e4t, deren Reichweite deutlich reduziert ist. Die schaffen den Weg bis runter ins Eischeider T\u00e4lchen nicht (wie ein Ausschussmitglied zynisch auf unseren Einwand im Ausschuss empfahl). Wer in Neunkirchen in einer Wohnung ohne Garten lebt und den Ort nicht mehr zu Fu\u00df verlassen kann, soll unserer Meinung nach einen naturnahen Dorfplatz zum Entspannen und Begegnen im Zentrum Neunkirchens vorfinden.<\/p>\n<p>Diese Fl\u00e4che eignet sich unserer Meinung nach besonders gut daf\u00fcr. Sie ist gr\u00fcn und schattig, und die umliegende Bebauung verst\u00e4rkt das d\u00f6rfliche Gef\u00fchl. Der Spielplatz ist heute bereits ein beliebter Treffpunkt f\u00fcr junge Familien aus der ganzen Gemeinde.<\/p>\n<p>Wir GR\u00dcNE sehen gro\u00dfes Potenzial in der Entwicklung des Platzes an der Schmiedestra\u00dfe. Aber nicht im Sinne einer Bebauung, die auf einen Schlag das d\u00f6rflich-gr\u00fcne Ensemble zerst\u00f6rt, sondern im Gegenteil: als Parkanlage im Zentrum Neunkirchens, welche das Mikroklima verbessert und einen Beitrag zur Artenvielfalt leistet. Hier k\u00f6nnte mitten im Ort ein Treffpunkt f\u00fcr Jung und Alt entstehen, der all jenen eine gr\u00fcne Zuflucht bietet, die nicht (wie viele Mitglieder des Ausschusses) in einem Einfamilienhaus mit eigenem Garten leben.<\/p>\n<p>Wir werden uns gegen die \u00dcberlegungen der anderen Parteien f\u00fcr den Erhalt und die Umgestaltung des Platzes an der Schmiedestra\u00dfe einsetzen.<\/p>\n<p>Hast Du ebenfalls eine Idee zur Gestaltung der Fl\u00e4che? Wir sind sehr an Deiner Meinung interessiert. Schreibe uns unter <a href=\"#\" data-unscramble=\"ed.skn-eneurg@ofni\">info@gruene-nks.de<\/a><\/p>\n","protected":false},"excerpt":{"rendered":"<p>Soll das letzte f\u00fcr die Dorfgemeinschaft entwickelbare Idyll im Zentrum Neunkirchens der blinden Wohnungsbau-Wut weichen? Wohnraum ist wichtig, und auch wir GR\u00dcNE unterst\u00fctzen die Verdichtung unserer Ortszentren in Neunkirchen und [&hellip;]<\/p>\n","protected":false},"author":-1,"featured_media":2616,"comment_status":"open","ping_status":"open","sticky":false,"template":"","format":"standard","meta":{"footnotes":""},"categories":[82],"tags":[235,223,233,234],"class_list":["post-2615","post","type-post","status-publish","format-standard","has-post-thumbnail","hentry","category-fraktion","tag-dorfgemeinschaft","tag-neunkirchen","tag-park","tag-treffpunkt"],"_links":{"self":[{"href":"https:\/\/gruene-nks.de\/index.php\/wp-json\/wp\/v2\/posts\/2615","targetHints":{"allow":["GET"]}}],"collection":[{"href":"https:\/\/gruene-nks.de\/index.php\/wp-json\/wp\/v2\/posts"}],"about":[{"href":"https:\/\/gruene-nks.de\/index.php\/wp-json\/wp\/v2\/types\/post"}],"author":[{"embeddable":true,"href":"https:\/\/gruene-nks.de\/index.php\/wp-json\/wp\/v2\/users\/3"}],"replies":[{"embeddable":true,"href":"https:\/\/gruene-nks.de\/index.php\/wp-json\/wp\/v2\/comments?post=2615"}],"version-history":[{"count":1,"href":"https:\/\/gruene-nks.de\/index.php\/wp-json\/wp\/v2\/posts\/2615\/revisions"}],"predecessor-version":[{"id":2617,"href":"https:\/\/gruene-nks.de\/index.php\/wp-json\/wp\/v2\/posts\/2615\/revisions\/2617"}],"wp:featuredmedia":[{"embeddable":true,"href":"https:\/\/gruene-nks.de\/index.php\/wp-json\/wp\/v2\/media\/2616"}],"wp:attachment":[{"href":"https:\/\/gruene-nks.de\/index.php\/wp-json\/wp\/v2\/media?parent=2615"}],"wp:term":[{"taxonomy":"category","embeddable":true,"href":"https:\/\/gruene-nks.de\/index.php\/wp-json\/wp\/v2\/categories?post=2615"},{"taxonomy":"post_tag","embeddable":true,"href":"https:\/\/gruene-nks.de\/index.php\/wp-json\/wp\/v2\/tags?post=2615"}],"curies":[{"name":"wp","href":"https:\/\/api.w.org\/{rel}","templated":true}]}}