{"id":2619,"date":"2025-06-13T17:43:06","date_gmt":"2025-06-13T15:43:06","guid":{"rendered":"https:\/\/gruene-nks.de\/?p=2619"},"modified":"2025-06-13T17:43:06","modified_gmt":"2025-06-13T15:43:06","slug":"entwicklungen-auf-dem-schulcampus-neunkirchen","status":"publish","type":"post","link":"https:\/\/gruene-nks.de\/index.php\/2025\/06\/13\/entwicklungen-auf-dem-schulcampus-neunkirchen\/","title":{"rendered":"Entwicklungen auf dem Schulcampus Neunkirchen"},"content":{"rendered":"<h2>Wir begr\u00fc\u00dfen Nahw\u00e4rmenetz und Jugendzentrum<\/h2>\n<p>In der Ratssitzung am 27.05.2025 stand neben dem Haushalt 2025 die Weiterentwicklung des Schulcampus in Neunkirchen im Mittelpunkt. Dieser Plan beabsichtigt die Einrichtung eines Nahw\u00e4rmenetzes. Unsere Fraktion B\u00dcNDNIS 90\/DIE GR\u00dcNEN beantragte bereits 2019 die Errichtung eines Nahw\u00e4rmenetzes, um die umliegenden Schulen, Sporthallen, die Mensa und das Rathaus mit einem effizienten und klimafreundlichen Heizsystem zu versorgen. Das Nahw\u00e4rmenetz soll im Keller der alten Einfachsporthalle entstehen, die abgerissen werden soll. Die ben\u00f6tigten Leerrohre sind bei der Neugestaltung des Schulhofs schon verlegt worden.<\/p>\n<p>Gleichzeitig wurde durch den Fortzug des Bauhofes und den geplanten Verkauf des Gel\u00e4ndes an der Ohlenhohnstra\u00dfe ein neuer Standort f\u00fcr das Jugendzentrum gesucht. In Absprache mit dem Rhein-Sieg-Kreis wurde der Platz der alten Einfachsporthalle in Kombination mit dem neuen Nahw\u00e4rmenetz als neuer Standort f\u00fcr das Jugendzentrum entwickelt. Unsere Fraktion bef\u00fcrwortet diesen zentralen Standort auf dem Schulcampus ausdr\u00fccklich. Bereits wenige Wochen nach der Er\u00f6ffnung des neu gestalteten Schulhofs der Gesamtschule mit Sitzb\u00e4nken, einem Multifunktionsspielfeld, Spielger\u00fcsten und Begr\u00fcnung nutzen viele Jugendliche das gro\u00dfz\u00fcgige Gel\u00e4nde. Der Ort scheint perfekt f\u00fcr ein Jugendzentrum. Endlich w\u00fcrde unsere Gemeinde einen exklusiven Ort f\u00fcr die Belange und Bed\u00fcrfnisse unserer Jugendlichen in Neunkirchen schaffen.<\/p>\n<p>In der Ratssitzung stellt sich aber heraus, dass die Verwaltung, trotz eines mehrheitlich anders lautenden Beschlusses aus dem Jahr 2024, eine erhebliche Erweiterung des Geb\u00e4udes des Jugendzentrums vorangetrieben hat. So sollen in dem Geb\u00e4ude nun etwa 500-600 m\u00b2 B\u00fcrofl\u00e4che zus\u00e4tzlich f\u00fcr das Jugendhilfezentrum des Rhein-Sieg-Kreises geschaffen werden. Geplant ist, das Geb\u00e4ude um ein erstes Obergeschoss zu erweitern. Zus\u00e4tzlich soll im Keller eine Tiefgarage f\u00fcr Fahrzeuge entstehen.<\/p>\n<p>Bisher ist das Jugendhilfezentrum des Rhein-Sieg-Kreises im Rathaus untergebracht. Durch einen Umzug des Jugendhilfezentrums in das neue Verwaltungsgeb\u00e4ude mit angeschlossenem Jugendzentrum k\u00f6nnte sich die Verwaltung weiter ausbreiten. In der Ratssitzung betonten unsere B\u00fcrgermeisterin und ihr Team, wie wenig Platz die Mitarbeitenden im Rathaus haben. F\u00fcr Gruppenbesprechungen fehle beispielsweise der Platz und in die umliegenden Geb\u00e4ude k\u00f6nne man nicht ausweichen.<\/p>\n<p>So ist aus dem urspr\u00fcnglichen Plan, in einen bestehenden Keller eine neue Heizungsanlage und obendrauf ein eingeschossiges Geb\u00e4ude f\u00fcr ein Jugendzentrum zu bauen, ein Verwaltungsgeb\u00e4ude mit Tiefgarage geworden, in dem auch noch ein Jugendzentrum und das Nahw\u00e4rmenetz untergebracht sind. Und ganz nebenbei hat sich die Verwaltung auch noch 500\u00a0m\u00b2 neue R\u00e4umlichkeiten verschafft. Genial.<\/p>\n<p>F\u00fcr die Gemeinde bedeutet dieses Man\u00f6ver eine Kostenexplosion von den urspr\u00fcnglich 2022 im Haushalt budgetierten 550.000\u00a0Euro f\u00fcr das Jugendzentrum auf rund 3 Millionen Euro f\u00fcr das Unter- und Erdgeschoss, plus weitere 1-2 Millionen Euro gesch\u00e4tzte Kosten f\u00fcr das Obergeschoss. Das bedeutet insgesamt eine zus\u00e4tzliche Belastung von 3,45 bis 4,45 Millionen Euro.<\/p>\n<p>Eine Wirtschaftlichkeitsberechnung f\u00fcr die Vermietung der zus\u00e4tzlichen Fl\u00e4chen kann die Verwaltung bisher nicht vorlegen. Es liegt lediglich eine Absichtserkl\u00e4rung des Landrats vor, dass man die neuen R\u00e4umlichkeiten gerne anmieten m\u00f6chte \u2013 vorbehaltlich der politischen Entscheidungen im Kreis und der Verf\u00fcgbarkeit von Haushaltsmitteln. Wir GR\u00dcNEN denken, dass die langfristige Planung sicherer sein muss!<\/p>\n<p>Unsere Erfahrungen mit dem Selbstlernzentrum, der Feuerwehr\/Wasserwerk, der Einfachsporthalle und der KulTurnhalle zeigen deutlich, dass die Baukosten nur schwer kalkulierbar sind und wir am Ende immer mit einer deutlichen \u00dcberschreitung der prognostizierten Baukosten konfrontiert wurden. Da alle diese Projekte nicht zu 100\u00a0% gef\u00f6rdert werden, f\u00fchren h\u00f6here Baukosten zwangsl\u00e4ufig zu Steuererh\u00f6hungen.<\/p>\n<p>Dabei ginge es auch anders. Den zus\u00e4tzlichen Platzbedarf im Rathaus durch Verwaltung und Jugendhilfe k\u00f6nnte man auch als Chance zur Transformation in eine moderne, zeitgerechte und zukunftstr\u00e4chtige Arbeitswelt und den Ansto\u00df zur Digitalisierung von Verwaltungsabl\u00e4ufen im Rathaus sehen. Studien belegen, dass sich 88 % der von der Beratungsgesellschaft PWC befragten Verwaltungsmitarbeiter eine weitere Flexibilisierung der Arbeit mit gleich viel oder mehr Home-Office w\u00fcnschen. Diese gesellschaftliche Entwicklung wird von der Verwaltung negiert und kleingeredet.<\/p>\n<p>Auf welch t\u00f6nernen F\u00fc\u00dfen die Verwaltungsvorstellungen stehen, wird deutlich, wenn man sich die Details anschaut. Die Planung des designierten Verwaltungstrakts ist beispielsweise so \u00fcberdimensioniert, dass pl\u00f6tzlich das Jugendzentrum zu klein ist. In der Planung der Verwaltung entsteht auf dem Geschoss des Jugendzentrums eine \u00fcber 200\u00a0m\u00b2 gro\u00dfe Freifl\u00e4che, die man aber nicht etwa den Jugendlichen widmen m\u00f6chte, sondern lieber vermieten will. Im Auge hat die Verwaltung hier den Kinderschutzbund mit seinem St\u00f6berst\u00fcbchen. Offenbar geht man davon aus, dass der gemeinn\u00fctzige Verein die Mittel hat, um \u00fcber 200\u00a0m\u00b2 in einem Neubau anzumieten.<\/p>\n<p>Leider hat eine Mehrheit aus den anderen Ratsparteien der Vorlage zugestimmt. Wir GR\u00dcNE h\u00e4tten uns eine L\u00f6sung mit mehr Weitblick und Ganzheitlichkeit gew\u00fcnscht. Eine Pr\u00fcfung geeigneter Fl\u00e4chen im Verwaltungstrakt des ehemaligen Thurn-Gel\u00e4ndes zur zuk\u00fcnftigen Nutzung durch Kinderschutzbund und Jugendhilfezentrum erfolgte beispielsweise nicht. Dies h\u00e4tten wir sehr begr\u00fc\u00dft, weil es pragmatisch ist und der Gemeinde Millionen von Euro sparen w\u00fcrde!<\/p>\n<p>Aus diesem Grund beantragten wir in der Ratssitzung eine erneute Verschiebung des Themas in den Fachausschuss, um dort sachlich und in Ruhe die beste L\u00f6sung zu finden. Dies wurde jedoch von den anderen Fraktionen mehrheitlich abgelehnt. Schade. Wieder mal eine Chance verpasst!<\/p>\n","protected":false},"excerpt":{"rendered":"<p>Wir begr\u00fc\u00dfen Nahw\u00e4rmenetz und Jugendzentrum In der Ratssitzung am 27.05.2025 stand neben dem Haushalt 2025 die Weiterentwicklung des Schulcampus in Neunkirchen im Mittelpunkt. Dieser Plan beabsichtigt die Einrichtung eines Nahw\u00e4rmenetzes. [&hellip;]<\/p>\n","protected":false},"author":-1,"featured_media":2620,"comment_status":"open","ping_status":"open","sticky":false,"template":"","format":"standard","meta":{"footnotes":""},"categories":[82],"tags":[237,223,236],"class_list":["post-2619","post","type-post","status-publish","format-standard","has-post-thumbnail","hentry","category-fraktion","tag-jugendzentrum","tag-neunkirchen","tag-schulcampus"],"_links":{"self":[{"href":"https:\/\/gruene-nks.de\/index.php\/wp-json\/wp\/v2\/posts\/2619","targetHints":{"allow":["GET"]}}],"collection":[{"href":"https:\/\/gruene-nks.de\/index.php\/wp-json\/wp\/v2\/posts"}],"about":[{"href":"https:\/\/gruene-nks.de\/index.php\/wp-json\/wp\/v2\/types\/post"}],"author":[{"embeddable":true,"href":"https:\/\/gruene-nks.de\/index.php\/wp-json\/wp\/v2\/users\/3"}],"replies":[{"embeddable":true,"href":"https:\/\/gruene-nks.de\/index.php\/wp-json\/wp\/v2\/comments?post=2619"}],"version-history":[{"count":1,"href":"https:\/\/gruene-nks.de\/index.php\/wp-json\/wp\/v2\/posts\/2619\/revisions"}],"predecessor-version":[{"id":2621,"href":"https:\/\/gruene-nks.de\/index.php\/wp-json\/wp\/v2\/posts\/2619\/revisions\/2621"}],"wp:featuredmedia":[{"embeddable":true,"href":"https:\/\/gruene-nks.de\/index.php\/wp-json\/wp\/v2\/media\/2620"}],"wp:attachment":[{"href":"https:\/\/gruene-nks.de\/index.php\/wp-json\/wp\/v2\/media?parent=2619"}],"wp:term":[{"taxonomy":"category","embeddable":true,"href":"https:\/\/gruene-nks.de\/index.php\/wp-json\/wp\/v2\/categories?post=2619"},{"taxonomy":"post_tag","embeddable":true,"href":"https:\/\/gruene-nks.de\/index.php\/wp-json\/wp\/v2\/tags?post=2619"}],"curies":[{"name":"wp","href":"https:\/\/api.w.org\/{rel}","templated":true}]}}