{"id":2722,"date":"2025-07-16T14:32:42","date_gmt":"2025-07-16T12:32:42","guid":{"rendered":"https:\/\/gruene-nks.de\/?p=2722"},"modified":"2025-07-16T14:32:42","modified_gmt":"2025-07-16T12:32:42","slug":"der-wahlkampf-fuer-die-kommunalwahl-hat-fuer-uns-begonnen","status":"publish","type":"post","link":"https:\/\/gruene-nks.de\/index.php\/2025\/07\/16\/der-wahlkampf-fuer-die-kommunalwahl-hat-fuer-uns-begonnen\/","title":{"rendered":"Der Wahlkampf f\u00fcr die Kommunalwahl hat f\u00fcr uns begonnen."},"content":{"rendered":"<p>Neunkirchen-Seelscheid steht vor gro\u00dfen Herausforderungen: Klimawandel, knappe Kassen, Rechtsruck und andere Parteien, die hier am liebsten alles zubetonieren wollen.<br \/>\nWir GR\u00dcNE setzen uns mit Leidenschaft f\u00fcr unsere Gemeinde ein.<br \/>\nUnser Ziel ist ein Neunkirchen-Seelscheid, in dem sich alle Generationen wohl f\u00fchlen und mutig an das Wohl aller Menschen in der Zukunft gedacht wird. Wir setzen uns f\u00fcr Dich ein und sorgen daf\u00fcr, dass auch noch Deine Enkelkinder in unserer Gemeinde gl\u00fccklich werden k\u00f6nnen. Gemeinsam gestalten wir eine Gemeinde, die heute macht, was morgen z\u00e4hlt \u2013 f\u00fcr uns und kommende Generationen.<\/p>\n<p>In unserem <a href=\"https:\/\/gruene-nks.de\/index.php\/wahlprogramm-zur-kommunalwahl-2025\/\">Wahlprogramm f\u00fcr die Kommunalwahl 2025<\/a> haben wir f\u00fcr Dich festgehalten, was uns f\u00fcr die kommenden f\u00fcnf Jahre besonders wichtig ist.<\/p>\n<p>Unser Team f\u00fcr die Kommunalwahl 2025 ist so vielf\u00e4ltig wie Neunkirchen-Seelscheid selbst: Menschen mit unterschiedlichen Berufen, Erfahrungen und Lebenswegen, die sich gemeinsam f\u00fcr eine soziale, nachhaltige und zukunftsf\u00e4hige Gemeinde engagieren. Unsere Kandidierenden stehen f\u00fcr frischen Wind, Erfahrung und echtes Engagement.<br \/>\nSie vertreten verschiedene Generationen und setzen sich mit Herzblut f\u00fcr Klimaschutz, soziale Gerechtigkeit, den d\u00f6rflichen Charakter unserer Gemeinde und eine lebendige Nachbarschaft ein. Nah bei dir: Unsere Kandidierenden sind vor Ort pr\u00e4sent, h\u00f6ren zu und setzen sich engagiert f\u00fcr die Anliegen der Menschen in Neunkirchen-Seelscheid ein.<br \/>\nWas uns eint: Wir wollen Neunkirchen-Seelscheid gerechter, klimafreundlicher und lebenswerter machen \u2013 f\u00fcr heute und kommende Generationen.<\/p>\n<p>In unserer <a href=\"https:\/\/gruene-nks.de\/index.php\/unser-team-fuer-die-kommunalwahl-2025\/\">Vorstellungsrunde<\/a> kannst Du uns besser kennenlernen.<\/p>\n<p>Wir freuen uns auf Dein Vertrauen am 14.09.<\/p>\n<p>Gemeinsam machen wir Neunkirchen-Seelscheid stark!<\/p>\n","protected":false},"excerpt":{"rendered":"<p>Neunkirchen-Seelscheid steht vor gro\u00dfen Herausforderungen: Klimawandel, knappe Kassen, Rechtsruck und andere Parteien, die hier am liebsten alles zubetonieren wollen. Wir GR\u00dcNE setzen uns mit Leidenschaft f\u00fcr unsere Gemeinde ein. Unser [&hellip;]<\/p>\n","protected":false},"author":-1,"featured_media":2717,"comment_status":"open","ping_status":"open","sticky":false,"template":"","format":"standard","meta":{"footnotes":""},"categories":[88],"tags":[61,46,240,7],"class_list":["post-2722","post","type-post","status-publish","format-standard","has-post-thumbnail","hentry","category-ov","tag-gemeinderat","tag-kommunalpolitik","tag-kommunalwahl-2025","tag-neunkirchen-seelscheid"],"_links":{"self":[{"href":"https:\/\/gruene-nks.de\/index.php\/wp-json\/wp\/v2\/posts\/2722","targetHints":{"allow":["GET"]}}],"collection":[{"href":"https:\/\/gruene-nks.de\/index.php\/wp-json\/wp\/v2\/posts"}],"about":[{"href":"https:\/\/gruene-nks.de\/index.php\/wp-json\/wp\/v2\/types\/post"}],"author":[{"embeddable":true,"href":"https:\/\/gruene-nks.de\/index.php\/wp-json\/wp\/v2\/users\/3"}],"replies":[{"embeddable":true,"href":"https:\/\/gruene-nks.de\/index.php\/wp-json\/wp\/v2\/comments?post=2722"}],"version-history":[{"count":1,"href":"https:\/\/gruene-nks.de\/index.php\/wp-json\/wp\/v2\/posts\/2722\/revisions"}],"predecessor-version":[{"id":2723,"href":"https:\/\/gruene-nks.de\/index.php\/wp-json\/wp\/v2\/posts\/2722\/revisions\/2723"}],"wp:featuredmedia":[{"embeddable":true,"href":"https:\/\/gruene-nks.de\/index.php\/wp-json\/wp\/v2\/media\/2717"}],"wp:attachment":[{"href":"https:\/\/gruene-nks.de\/index.php\/wp-json\/wp\/v2\/media?parent=2722"}],"wp:term":[{"taxonomy":"category","embeddable":true,"href":"https:\/\/gruene-nks.de\/index.php\/wp-json\/wp\/v2\/categories?post=2722"},{"taxonomy":"post_tag","embeddable":true,"href":"https:\/\/gruene-nks.de\/index.php\/wp-json\/wp\/v2\/tags?post=2722"}],"curies":[{"name":"wp","href":"https:\/\/api.w.org\/{rel}","templated":true}]}}