{"id":2735,"date":"2025-09-19T14:26:13","date_gmt":"2025-09-19T12:26:13","guid":{"rendered":"https:\/\/gruene-nks.de\/?p=2735"},"modified":"2025-09-19T14:29:15","modified_gmt":"2025-09-19T12:29:15","slug":"2735","status":"publish","type":"post","link":"https:\/\/gruene-nks.de\/index.php\/2025\/09\/19\/2735\/","title":{"rendered":"Wir unterst\u00fctzen Guido Vierk\u00f6tter bei der Stichwahl zum B\u00fcrgermeister"},"content":{"rendered":"<p>Wir haben uns nach langen und kontrovers gef\u00fchrten Diskussionen innerhalb der Gremien des Vorstands und der Fraktion dazu entschlossen bei der Stichwahl am 28. September 2025 den CDU-B\u00fcrgermeisterkandidaten Guido Vierk\u00f6tter zu unterst\u00fctzen. Der Weg zu dieser Entscheidung ist einigen von uns nicht leicht gefallen. Dennoch sind wir uns am Ende einig, dass wir uns mit Guido Vierk\u00f6tter versprechen, aus einer demokratischen Mehrheit heraus aktiv gr\u00fcne Politik in Neunkirchen-Seelscheid gestalten zu k\u00f6nnen. Uns ist es besonders wichtig, dass wir uns als Partner f\u00fcr die B\u00fcrgerinnen und B\u00fcrger unserer Gemeinde verstehen. Eine fr\u00fchzeitige und ergebnisoffene Kommunikation mit der \u00d6ffentlichkeit bedeutet uns viel. Hierbei sehen wir in Guido Vierk\u00f6tter einen geeigneten Partner.<\/p>\n<p>Mit dem Einzug der Rechtsextremen in den Rat, braucht es klare Abgrenzungen und eine unmissverst\u00e4ndliche Mehrheit im Rat. Wir d\u00fcrfen den Rechten keine Gelegenheit geben, sich im Rat zu profilieren, indem sie das Z\u00fcnglein an der Waage spielen k\u00f6nnen. Mit unserer Entscheidung tragen wir dazu bei, die Rechten aufs Abstellgleis zu stellen. Auch von Guido Vierk\u00f6tter und der CDU erwarten wir ein klares Bekenntnis gegen Rechts.<\/p>\n<p>In den kommenden Wochen werden wir mit der CDU in Neunkirchen-Seelscheid beraten, wie wir in der kommenden Wahlperiode gemeinsam unsere Gemeinde entwickeln k\u00f6nnen. Uns ist klar, dass wir nicht in allen Politikfeldern dieselben Positionen vertreten. Aber wir sind sehr zuversichtlich, dass wir gemeinsam einen Weg finden werden und die Chance auf einen echten Neuanfang im Miteinander von Politik und Verwaltung nutzen k\u00f6nnen.<\/p>\n<p>Die Erfahrungen der letzten Jahre haben uns gezeigt, dass die Umsetzung von Entscheidungen im Rathaus verschleppt, oder sogar ignoriert wurden. Mit Guido Vierk\u00f6tter als B\u00fcrgermeister sehen wir hier eine echte Chance zur Ver\u00e4nderung.<\/p>\n<p>Wir fordern unsere Mitglieder und Supporter auf, unserer Entscheidung zu folgen und in diesem Sinne die Stimme bei der Stichwahl zu geben.<\/p>\n","protected":false},"excerpt":{"rendered":"<p>Wir haben uns nach langen und kontrovers gef\u00fchrten Diskussionen innerhalb der Gremien des Vorstands und der Fraktion dazu entschlossen bei der Stichwahl am 28. September 2025 den CDU-B\u00fcrgermeisterkandidaten Guido Vierk\u00f6tter [&hellip;]<\/p>\n","protected":false},"author":-1,"featured_media":2736,"comment_status":"open","ping_status":"open","sticky":false,"template":"","format":"standard","meta":{"footnotes":""},"categories":[88],"tags":[240,7,241,242],"class_list":["post-2735","post","type-post","status-publish","format-standard","has-post-thumbnail","hentry","category-ov","tag-kommunalwahl-2025","tag-neunkirchen-seelscheid","tag-stichwahl","tag-unterstuetzung"],"_links":{"self":[{"href":"https:\/\/gruene-nks.de\/index.php\/wp-json\/wp\/v2\/posts\/2735","targetHints":{"allow":["GET"]}}],"collection":[{"href":"https:\/\/gruene-nks.de\/index.php\/wp-json\/wp\/v2\/posts"}],"about":[{"href":"https:\/\/gruene-nks.de\/index.php\/wp-json\/wp\/v2\/types\/post"}],"author":[{"embeddable":true,"href":"https:\/\/gruene-nks.de\/index.php\/wp-json\/wp\/v2\/users\/1"}],"replies":[{"embeddable":true,"href":"https:\/\/gruene-nks.de\/index.php\/wp-json\/wp\/v2\/comments?post=2735"}],"version-history":[{"count":3,"href":"https:\/\/gruene-nks.de\/index.php\/wp-json\/wp\/v2\/posts\/2735\/revisions"}],"predecessor-version":[{"id":2739,"href":"https:\/\/gruene-nks.de\/index.php\/wp-json\/wp\/v2\/posts\/2735\/revisions\/2739"}],"wp:featuredmedia":[{"embeddable":true,"href":"https:\/\/gruene-nks.de\/index.php\/wp-json\/wp\/v2\/media\/2736"}],"wp:attachment":[{"href":"https:\/\/gruene-nks.de\/index.php\/wp-json\/wp\/v2\/media?parent=2735"}],"wp:term":[{"taxonomy":"category","embeddable":true,"href":"https:\/\/gruene-nks.de\/index.php\/wp-json\/wp\/v2\/categories?post=2735"},{"taxonomy":"post_tag","embeddable":true,"href":"https:\/\/gruene-nks.de\/index.php\/wp-json\/wp\/v2\/tags?post=2735"}],"curies":[{"name":"wp","href":"https:\/\/api.w.org\/{rel}","templated":true}]}}