{"id":351,"date":"2016-03-04T09:00:04","date_gmt":"2016-03-04T08:00:04","guid":{"rendered":"http:\/\/gruene-nks.de\/?p=351"},"modified":"2016-03-05T07:45:55","modified_gmt":"2016-03-05T06:45:55","slug":"baum-fuer-baum-klimaschutz-vor-ort","status":"publish","type":"post","link":"https:\/\/gruene-nks.de\/index.php\/2016\/03\/04\/baum-fuer-baum-klimaschutz-vor-ort\/","title":{"rendered":"Baum f\u00fcr Baum &#8211; Klimaschutz vor Ort"},"content":{"rendered":"<p>Eine hochst\u00e4mmige Felsenbirne war es diesmal, die vom GR\u00dcNEN Ortsverband in Wolperath gepflanzt wurde. Gespendet wurde der sch\u00f6ne Solit\u00e4rbaum diesmal von <strong>unserer<\/strong> <strong>Fraktion &#8222;B\u00fcrgernahe Gr\u00fcne&#8220;.<\/strong><\/p>\n<p>Die Felsenbirne treibt im Fr\u00fchjahr mit kupferfarbenen Blatt aus und entwickelt im April bis Mai bis zu 6 cm lange wei\u00dfe Bl\u00fctentrauben. Die blau-schwarzen Fr\u00fcchte reifen sind essbar f\u00fcr Menschen und Tiere.Ihre pr\u00e4chtig leuchtende Herbstf\u00e4rbung wirkt herrlich orange-scharlachrot.<\/p>\n<p>Wir hatten wieder viel Freude beim Pflanzen und fanden in der Nachbarschaft auch gleich Interessierte f\u00fcr die n\u00e4chsten Pflanzaktionen.<\/p>\n<h4><strong>Neunkirchen-Seelscheid soll GR\u00dcNER werden.<\/strong><\/h4>\n","protected":false},"excerpt":{"rendered":"<p>Eine hochst\u00e4mmige Felsenbirne war es diesmal, die vom GR\u00dcNEN Ortsverband in Wolperath gepflanzt wurde. Gespendet wurde der sch\u00f6ne Solit\u00e4rbaum diesmal von unserer Fraktion &#8222;B\u00fcrgernahe Gr\u00fcne&#8220;. Die Felsenbirne treibt im Fr\u00fchjahr [&hellip;]<\/p>\n","protected":false},"author":-1,"featured_media":366,"comment_status":"open","ping_status":"open","sticky":false,"template":"","format":"standard","meta":{"footnotes":""},"categories":[1],"tags":[],"class_list":["post-351","post","type-post","status-publish","format-standard","has-post-thumbnail","hentry","category-allgemein"],"_links":{"self":[{"href":"https:\/\/gruene-nks.de\/index.php\/wp-json\/wp\/v2\/posts\/351","targetHints":{"allow":["GET"]}}],"collection":[{"href":"https:\/\/gruene-nks.de\/index.php\/wp-json\/wp\/v2\/posts"}],"about":[{"href":"https:\/\/gruene-nks.de\/index.php\/wp-json\/wp\/v2\/types\/post"}],"author":[{"embeddable":true,"href":"https:\/\/gruene-nks.de\/index.php\/wp-json\/wp\/v2\/users\/1"}],"replies":[{"embeddable":true,"href":"https:\/\/gruene-nks.de\/index.php\/wp-json\/wp\/v2\/comments?post=351"}],"version-history":[{"count":8,"href":"https:\/\/gruene-nks.de\/index.php\/wp-json\/wp\/v2\/posts\/351\/revisions"}],"predecessor-version":[{"id":368,"href":"https:\/\/gruene-nks.de\/index.php\/wp-json\/wp\/v2\/posts\/351\/revisions\/368"}],"wp:featuredmedia":[{"embeddable":true,"href":"https:\/\/gruene-nks.de\/index.php\/wp-json\/wp\/v2\/media\/366"}],"wp:attachment":[{"href":"https:\/\/gruene-nks.de\/index.php\/wp-json\/wp\/v2\/media?parent=351"}],"wp:term":[{"taxonomy":"category","embeddable":true,"href":"https:\/\/gruene-nks.de\/index.php\/wp-json\/wp\/v2\/categories?post=351"},{"taxonomy":"post_tag","embeddable":true,"href":"https:\/\/gruene-nks.de\/index.php\/wp-json\/wp\/v2\/tags?post=351"}],"curies":[{"name":"wp","href":"https:\/\/api.w.org\/{rel}","templated":true}]}}