{"id":521,"date":"2016-10-19T10:35:00","date_gmt":"2016-10-19T08:35:00","guid":{"rendered":"http:\/\/gruene-nks.de\/?p=521"},"modified":"2016-10-19T11:17:23","modified_gmt":"2016-10-19T09:17:23","slug":"nrw-haushalt-2017-rot-gruen-investiert-kraeftig-in-bildung","status":"publish","type":"post","link":"https:\/\/gruene-nks.de\/index.php\/2016\/10\/19\/nrw-haushalt-2017-rot-gruen-investiert-kraeftig-in-bildung\/","title":{"rendered":"NRW-Haushalt 2017 &#8211; &#8211; &#8211; &#8211; &#8211; &#8211; &#8211; &#8211; &#8211; &#8211; &#8211;  Rot-GR\u00dcN investiert kr\u00e4ftig in Bildung"},"content":{"rendered":"<p>Anl\u00e4sslich der Beratungen f\u00fcr den Haushalt 2017 teilte uns das Ministerium f\u00fcr Schule und Weiterbildung folgendes mit:<\/p>\n<p>Mit einem Ausgabenvolumen von rund 17,8 Milliarden Euro ist der Haushaltsplan f\u00fcr den Bereich Schule und Weiterbildung der gr\u00f6\u00dfte Einzeletat des Landes. Der Zuwachs gegen\u00fcber dem Haushalt 2016 betr\u00e4gt rund 500 Millionen Euro. Gr\u00f6\u00dfter Posten sind die Personalausgaben von knapp 87 Prozent.<\/p>\n<p>Im Etat 2017 sind mehr als 1.700 zus\u00e4tzliche Lehrerstellen vorgesehen. Die Zahl der Lehrerstellen steigt 2017 im Vergleich zum Haushalt 2016 im Saldo um 1.767 auf 158.961 Stellen. Die Zusch\u00fcsse f\u00fcr die privaten Ersatzschulen erh\u00f6hen sich um rund 54 Millionen Euro auf insgesamt \u00fcber 1,53 Milliarden Euro. Der Haushaltsplan setzt folgende Schwerpunkte:<\/p>\n<p><strong>Inklusion:<\/strong> F\u00fcr die Ber\u00fccksichtigung der Sch\u00fclerinnen und Sch\u00fcler mit sonderp\u00e4dagogischem F\u00f6rderbedarf sind rund 2.900 Stellen veranschlagt. Das Stellenbudget f\u00fcr Lern- und Entwicklungsst\u00f6rungen wird um 519 Stellen erh\u00f6ht und bel\u00e4uft sich damit im Jahr 2017 auf \u00fcber 10.000 Stellen.<\/p>\n<p><strong>Ganztag<\/strong>: F\u00fcr den gebundenen Ganztag werden \u00fcber 6.600 Stellen zur Verf\u00fcgung gestellt. F\u00fcr die Offene Ganztagsschule im Primarbereich (OGS) wird ein Ausgabenvolumen von rund 443 Millionen Euro erreicht. Insgesamt stehen hier 307.600 Pl\u00e4tze zur Verf\u00fcgung, davon 20.000 f\u00fcr Fl\u00fcchtlingskinder. Jede zweite Sch\u00fclerin und jeder zweite Sch\u00fcler der Primarstufe und der Sekundarstufe I kann ein gebundenes oder offenes Ganztagsangebot nutzen.<\/p>\n<p><strong>Schulkonsens<\/strong>: F\u00fcr die Absenkung des Klassenfrequenzrichtwertes von 28 auf 27 an den Realschulen, Gesamtschulen und Gymnasien, der nun die Jahrgangsstufen 5 bis 8 umfasst, werden zus\u00e4tzlich 295 Lehrerstellen bereitgestellt.<\/p>\n<p><strong>Seit \u00dcbernahme der Regierungsverantwortung im Jahr 2010 wurden rund 10.400 Stellen auf Grund von r\u00fcckl\u00e4ufigen Sch\u00fclerzahlen oder Umschichtungen f\u00fcr neue beziehungsweise zus\u00e4tzliche Ma\u00dfnahmen im System belassen. 6.199 zus\u00e4tzliche Lehrerstellen wurden neu geschaffen.<\/strong><\/p>\n<p>Die Zusch\u00fcsse f\u00fcr die privaten Ersatzschulen erh\u00f6hen sich um rund 54 Millionen Euro auf insgesamt \u00fcber 1,53 Milliarden Euro.<\/p>\n<p>Anl\u00e4sslich der Beratungen betonte <strong>Schulministerin Sylvia L\u00f6hrmann<\/strong>: \u201eDer Haushaltsentwurf 2017 zeigt einmal mehr, dass wir bereit sind, mit den Schwerpunkten Inklusion und Integration in die Zukunft unserer Kinder zu investieren. Dar\u00fcber hinaus gehen wir mit dem Ausbau des Ganztagsangebots und der Umsetzung des Schulkonsenses einen weiteren wichtigen Schritt in Richtung mehr individuelle F\u00f6rderung und Bildungsgerechtigkeit f\u00fcr alle.\u201c<\/p>\n<p>Silke Kierspel, Fraktionsvorsitzende \u201eB\u00fcrgernahe Gr\u00fcne\u201c<\/p>\n","protected":false},"excerpt":{"rendered":"<p>Anl\u00e4sslich der Beratungen f\u00fcr den Haushalt 2017 teilte uns das Ministerium f\u00fcr Schule und Weiterbildung folgendes mit: Mit einem Ausgabenvolumen von rund 17,8 Milliarden Euro ist der Haushaltsplan f\u00fcr den [&hellip;]<\/p>\n","protected":false},"author":-1,"featured_media":523,"comment_status":"open","ping_status":"open","sticky":false,"template":"","format":"standard","meta":{"footnotes":""},"categories":[1],"tags":[],"class_list":["post-521","post","type-post","status-publish","format-standard","has-post-thumbnail","hentry","category-allgemein"],"_links":{"self":[{"href":"https:\/\/gruene-nks.de\/index.php\/wp-json\/wp\/v2\/posts\/521","targetHints":{"allow":["GET"]}}],"collection":[{"href":"https:\/\/gruene-nks.de\/index.php\/wp-json\/wp\/v2\/posts"}],"about":[{"href":"https:\/\/gruene-nks.de\/index.php\/wp-json\/wp\/v2\/types\/post"}],"author":[{"embeddable":true,"href":"https:\/\/gruene-nks.de\/index.php\/wp-json\/wp\/v2\/users\/1"}],"replies":[{"embeddable":true,"href":"https:\/\/gruene-nks.de\/index.php\/wp-json\/wp\/v2\/comments?post=521"}],"version-history":[{"count":7,"href":"https:\/\/gruene-nks.de\/index.php\/wp-json\/wp\/v2\/posts\/521\/revisions"}],"predecessor-version":[{"id":530,"href":"https:\/\/gruene-nks.de\/index.php\/wp-json\/wp\/v2\/posts\/521\/revisions\/530"}],"wp:featuredmedia":[{"embeddable":true,"href":"https:\/\/gruene-nks.de\/index.php\/wp-json\/wp\/v2\/media\/523"}],"wp:attachment":[{"href":"https:\/\/gruene-nks.de\/index.php\/wp-json\/wp\/v2\/media?parent=521"}],"wp:term":[{"taxonomy":"category","embeddable":true,"href":"https:\/\/gruene-nks.de\/index.php\/wp-json\/wp\/v2\/categories?post=521"},{"taxonomy":"post_tag","embeddable":true,"href":"https:\/\/gruene-nks.de\/index.php\/wp-json\/wp\/v2\/tags?post=521"}],"curies":[{"name":"wp","href":"https:\/\/api.w.org\/{rel}","templated":true}]}}