{"id":543,"date":"2016-11-18T19:42:49","date_gmt":"2016-11-18T18:42:49","guid":{"rendered":"http:\/\/gruene-nks.de\/?p=543"},"modified":"2016-11-18T19:42:49","modified_gmt":"2016-11-18T18:42:49","slug":"gruene-schulpolitik-unterrichtsausfall","status":"publish","type":"post","link":"https:\/\/gruene-nks.de\/index.php\/2016\/11\/18\/gruene-schulpolitik-unterrichtsausfall\/","title":{"rendered":"GR\u00dcNE Schulpolitik &#8211; Unterrichtsausfall"},"content":{"rendered":"<p>Mit der Auswertung der letzten f\u00fcnf Regionalveranstaltungen zur GR\u00dcNEN Schulpolitik erhielten wir folgende Informationen aus dem Landtag NRW:<\/p>\n<p><strong><strong>Unsere GR\u00dcNE Schulministerin Sylvia L\u00f6hrmann<\/strong><\/strong> hat das Thema <strong><strong>Unterrichtsausfall <\/strong><\/strong>als eines der drei Schwerpunktthemen in der Bildungskonferenz aufgerufen und will eine tragf\u00e4hige L\u00f6sung erreichen, die eine Kl\u00e4rung beinhaltet, was unter \u201eUnterrichtsausfall\u201c verstanden wird und wie k\u00fcnftige Erhebungen mit vertretbarem Aufwand vorgenommen werden sollen.<\/p>\n<p>Das Thema ist ein Dauerbrenner der Berichterstattung und politischen Auseinandersetzung in allen Bundesl\u00e4ndern und bewegt die Eltern. Dabei herrscht nicht einmal Einigkeit dar\u00fcber, was Unterrichtsausfall ist oder was nicht. Der Besuch im Museum oder eines Erinnerungsortes ist Unterricht an einem au\u00dferschulischen Lernort. Soll die Stunde Deutsch, die an dem Tag auf dem Stundenplan stand, dann als ausgefallener Unterricht gez\u00e4hlt werden, obwohl es Unterricht (in anderer Form) gab? Ein kleines Beispiel, das zeigt, dass die Frage, was als Unterrichtsausfall z\u00e4hlt, durchaus knifflig ist.<\/p>\n<p>Die Landeselternschaft der Gymnasien hat versucht, mit einer eigenen Befragung eine \u00dcbersicht zu machen. Aber diese zeigte sich als nicht ausreichend schl\u00fcssig. Das Zahlenmaterial konnte leider auch nicht gepr\u00fcft werden, da die Daten laut Landeselternschaft nach der Pressekonferenz tats\u00e4chlich geschreddert worden waren.<\/p>\n<p>Die Bildungskonferenz ist der richtige fachliche Ort, um zu einer L\u00f6sung zu kommen. Dort wird zurzeit sachlich er\u00f6rtert, was als Unterrichtsausfall zu werten ist und was nicht. Und es geht um die Frage, wie eine aussagef\u00e4hige Erhebung durchgef\u00fchrt werden k\u00f6nnte, die belastbare Vergleichszahlen ergibt und mit vertretbarem Aufwand durchzuf\u00fchren ist. Der in der Presse und auch von der CDU immer mal wieder vorgetragene Hinweis, das sei doch durch einen Mausklick bei den Schulen abrufbar, ist Wunschdenken. Wenn es wirklich so einfach w\u00e4re, k\u00f6nnten wir uns die Diskussion gerne sparen. Es geht nicht nur um die einfache Grundstatistik, sondern z.B. auch um Lehrereinsatz und Schulorganisation.<\/p>\n<p>Das zeigt auch die Debatte um einen Landesrechnungshofbericht. Dieser hatte eine eigene Erhebung durchgef\u00fchrt und zwar mit hohem personellen Aufwand. Eine solche Erhebung wie beim Landesrechnungshof \u2013 landesweit durchgef\u00fchrt \u2013 w\u00fcrde Hunderte Lehrerstellen beanspruchen. Deswegen wird z\u00fcgig weiter an einer fundierten und sachgerechten L\u00f6sung gearbeitet, die weiter reichen soll als eine Legislaturperiode.<\/p>\n<p>Silke Kierspel, Fraktionsvorsitzende \u201eB\u00fcrgernahe Gr\u00fcne\u201c<\/p>\n","protected":false},"excerpt":{"rendered":"<p>Mit der Auswertung der letzten f\u00fcnf Regionalveranstaltungen zur GR\u00dcNEN Schulpolitik erhielten wir folgende Informationen aus dem Landtag NRW: Unsere GR\u00dcNE Schulministerin Sylvia L\u00f6hrmann hat das Thema Unterrichtsausfall als eines der [&hellip;]<\/p>\n","protected":false},"author":-1,"featured_media":0,"comment_status":"open","ping_status":"open","sticky":false,"template":"","format":"standard","meta":{"footnotes":""},"categories":[1],"tags":[],"class_list":["post-543","post","type-post","status-publish","format-standard","hentry","category-allgemein"],"_links":{"self":[{"href":"https:\/\/gruene-nks.de\/index.php\/wp-json\/wp\/v2\/posts\/543","targetHints":{"allow":["GET"]}}],"collection":[{"href":"https:\/\/gruene-nks.de\/index.php\/wp-json\/wp\/v2\/posts"}],"about":[{"href":"https:\/\/gruene-nks.de\/index.php\/wp-json\/wp\/v2\/types\/post"}],"author":[{"embeddable":true,"href":"https:\/\/gruene-nks.de\/index.php\/wp-json\/wp\/v2\/users\/1"}],"replies":[{"embeddable":true,"href":"https:\/\/gruene-nks.de\/index.php\/wp-json\/wp\/v2\/comments?post=543"}],"version-history":[{"count":1,"href":"https:\/\/gruene-nks.de\/index.php\/wp-json\/wp\/v2\/posts\/543\/revisions"}],"predecessor-version":[{"id":544,"href":"https:\/\/gruene-nks.de\/index.php\/wp-json\/wp\/v2\/posts\/543\/revisions\/544"}],"wp:attachment":[{"href":"https:\/\/gruene-nks.de\/index.php\/wp-json\/wp\/v2\/media?parent=543"}],"wp:term":[{"taxonomy":"category","embeddable":true,"href":"https:\/\/gruene-nks.de\/index.php\/wp-json\/wp\/v2\/categories?post=543"},{"taxonomy":"post_tag","embeddable":true,"href":"https:\/\/gruene-nks.de\/index.php\/wp-json\/wp\/v2\/tags?post=543"}],"curies":[{"name":"wp","href":"https:\/\/api.w.org\/{rel}","templated":true}]}}