{"id":545,"date":"2016-11-18T19:47:28","date_gmt":"2016-11-18T18:47:28","guid":{"rendered":"http:\/\/gruene-nks.de\/?p=545"},"modified":"2016-11-18T19:47:28","modified_gmt":"2016-11-18T18:47:28","slug":"ein-licht-fuer-jede-frau","status":"publish","type":"post","link":"https:\/\/gruene-nks.de\/index.php\/2016\/11\/18\/ein-licht-fuer-jede-frau\/","title":{"rendered":"Ein Licht f\u00fcr jede Frau"},"content":{"rendered":"<p>Der \u201eInternationale Tag gegen Gewalt an Frauen\u201c wird seit 1981 jedes Jahr am <strong>25.<\/strong> <strong>November<\/strong> mit Aktionen und Veranstaltungen begangen.<\/p>\n<p>An diesem Tag soll die Einhaltung der Menschenrechte gegen\u00fcber Frauen und M\u00e4dchen thematisiert werden. Dabei sollen vor allem Themen wie Zwangsprostitution, sexuelle Gewalt, Zwangsheirat und weibliche Armut zur Sprache kommen.<\/p>\n<p>Unter dem Motto: <strong><strong>\u201cEin Licht f\u00fcr jede Frau\u201d<\/strong><\/strong> laden wir Sie ein, \u00a0f\u00fcr jede von Gewalt betroffene Frau symbolisch ein Licht zu entz\u00fcnden.<\/p>\n<p>Gewalt gegen Frauen findet in Deutschland mehrheitlich im privaten Raum und damit im Verborgenen statt. Den gewaltbetroffenen Frauen f\u00e4llt es schwer, Schritte aus einer oftmals ausweglos erscheinenden Situation heraus zu wagen. Ermutigung durch Angeh\u00f6rige und Freunde k\u00f6nnen dabei hilfreich sein.<\/p>\n<p><strong><strong>Gewalt beleuchten \u2013 denn \u00a0<\/strong><strong>Schweigen sch\u00fctzt die T\u00e4ter! Z\u00fcnden Sie mit uns ein Licht an, damit die Betroffenen sehen, sie sind nicht allein!<\/strong><\/strong><\/p>\n<p>Wir treffen uns<strong>\u00a0 am 25.11.2016 um 17.30 Uhr <\/strong>vor dem <strong>Rathaus<\/strong> in Neunkirchen.<\/p>\n<p>Astrid Normann, Ortsverbandssprecherin<\/p>\n","protected":false},"excerpt":{"rendered":"<p>Der \u201eInternationale Tag gegen Gewalt an Frauen\u201c wird seit 1981 jedes Jahr am 25. November mit Aktionen und Veranstaltungen begangen. An diesem Tag soll die Einhaltung der Menschenrechte gegen\u00fcber Frauen [&hellip;]<\/p>\n","protected":false},"author":-1,"featured_media":546,"comment_status":"open","ping_status":"open","sticky":false,"template":"","format":"standard","meta":{"footnotes":""},"categories":[1],"tags":[],"class_list":["post-545","post","type-post","status-publish","format-standard","has-post-thumbnail","hentry","category-allgemein"],"_links":{"self":[{"href":"https:\/\/gruene-nks.de\/index.php\/wp-json\/wp\/v2\/posts\/545","targetHints":{"allow":["GET"]}}],"collection":[{"href":"https:\/\/gruene-nks.de\/index.php\/wp-json\/wp\/v2\/posts"}],"about":[{"href":"https:\/\/gruene-nks.de\/index.php\/wp-json\/wp\/v2\/types\/post"}],"author":[{"embeddable":true,"href":"https:\/\/gruene-nks.de\/index.php\/wp-json\/wp\/v2\/users\/1"}],"replies":[{"embeddable":true,"href":"https:\/\/gruene-nks.de\/index.php\/wp-json\/wp\/v2\/comments?post=545"}],"version-history":[{"count":1,"href":"https:\/\/gruene-nks.de\/index.php\/wp-json\/wp\/v2\/posts\/545\/revisions"}],"predecessor-version":[{"id":547,"href":"https:\/\/gruene-nks.de\/index.php\/wp-json\/wp\/v2\/posts\/545\/revisions\/547"}],"wp:featuredmedia":[{"embeddable":true,"href":"https:\/\/gruene-nks.de\/index.php\/wp-json\/wp\/v2\/media\/546"}],"wp:attachment":[{"href":"https:\/\/gruene-nks.de\/index.php\/wp-json\/wp\/v2\/media?parent=545"}],"wp:term":[{"taxonomy":"category","embeddable":true,"href":"https:\/\/gruene-nks.de\/index.php\/wp-json\/wp\/v2\/categories?post=545"},{"taxonomy":"post_tag","embeddable":true,"href":"https:\/\/gruene-nks.de\/index.php\/wp-json\/wp\/v2\/tags?post=545"}],"curies":[{"name":"wp","href":"https:\/\/api.w.org\/{rel}","templated":true}]}}