{"id":549,"date":"2016-11-26T12:17:16","date_gmt":"2016-11-26T11:17:16","guid":{"rendered":"http:\/\/gruene-nks.de\/?p=549"},"modified":"2016-11-26T12:17:16","modified_gmt":"2016-11-26T11:17:16","slug":"rhein-sieg-gruene-waehlten-neuen-vorstand","status":"publish","type":"post","link":"https:\/\/gruene-nks.de\/index.php\/2016\/11\/26\/rhein-sieg-gruene-waehlten-neuen-vorstand\/","title":{"rendered":"Rhein-Sieg GR\u00dcNE w\u00e4hlten neuen Vorstand"},"content":{"rendered":"<p>K\u00fcrzlich w\u00e4hlte der Kreisverband Rhein-Sieg von B\u00dcNDNIS 90\/DIE GR\u00dcNEN auf einer Mitgliederversammlung in Lohmar einen neuen Vorstand. Der bisherige Vorsitzende Arnd Burgers trat nicht mehr zur Wahl an. Die Versammlung dankte ihm f\u00fcr die in den letzten beiden Jahren geleistete Arbeit.<\/p>\n<p>Als neuen Vorsitzenden w\u00e4hlten die Mitglieder mit \u00fcberragender Mehrheit Martin Metz aus Sankt Augustin. Die Vorsitzende Lisa Ansch\u00fctz aus Windeck wurde wiedergew\u00e4hlt. Gemeinsam bilden die beiden wie immer bei den GR\u00dcNEN ein gleichberechtigtes Duo an der Spitze des Kreisverbandes. Die Schatzmeisterin Michaela Balansky und die Schriftf\u00fchrerin Nada Catic wurden ebenso im Amt best\u00e4tigt wie die Beisitzer Patrick Brumm und Oliver Hasselbach.<\/p>\n<p>Wir gratulieren herzlich und w\u00fcnschen uns weiter eine so gute Zusammenarbeit wie bisher.<\/p>\n<p>Astrid Normann, Ortsverbandssprecherin<\/p>\n","protected":false},"excerpt":{"rendered":"<p>K\u00fcrzlich w\u00e4hlte der Kreisverband Rhein-Sieg von B\u00dcNDNIS 90\/DIE GR\u00dcNEN auf einer Mitgliederversammlung in Lohmar einen neuen Vorstand. Der bisherige Vorsitzende Arnd Burgers trat nicht mehr zur Wahl an. Die Versammlung [&hellip;]<\/p>\n","protected":false},"author":-1,"featured_media":550,"comment_status":"open","ping_status":"open","sticky":false,"template":"","format":"standard","meta":{"footnotes":""},"categories":[1],"tags":[],"class_list":["post-549","post","type-post","status-publish","format-standard","has-post-thumbnail","hentry","category-allgemein"],"_links":{"self":[{"href":"https:\/\/gruene-nks.de\/index.php\/wp-json\/wp\/v2\/posts\/549","targetHints":{"allow":["GET"]}}],"collection":[{"href":"https:\/\/gruene-nks.de\/index.php\/wp-json\/wp\/v2\/posts"}],"about":[{"href":"https:\/\/gruene-nks.de\/index.php\/wp-json\/wp\/v2\/types\/post"}],"author":[{"embeddable":true,"href":"https:\/\/gruene-nks.de\/index.php\/wp-json\/wp\/v2\/users\/1"}],"replies":[{"embeddable":true,"href":"https:\/\/gruene-nks.de\/index.php\/wp-json\/wp\/v2\/comments?post=549"}],"version-history":[{"count":1,"href":"https:\/\/gruene-nks.de\/index.php\/wp-json\/wp\/v2\/posts\/549\/revisions"}],"predecessor-version":[{"id":551,"href":"https:\/\/gruene-nks.de\/index.php\/wp-json\/wp\/v2\/posts\/549\/revisions\/551"}],"wp:featuredmedia":[{"embeddable":true,"href":"https:\/\/gruene-nks.de\/index.php\/wp-json\/wp\/v2\/media\/550"}],"wp:attachment":[{"href":"https:\/\/gruene-nks.de\/index.php\/wp-json\/wp\/v2\/media?parent=549"}],"wp:term":[{"taxonomy":"category","embeddable":true,"href":"https:\/\/gruene-nks.de\/index.php\/wp-json\/wp\/v2\/categories?post=549"},{"taxonomy":"post_tag","embeddable":true,"href":"https:\/\/gruene-nks.de\/index.php\/wp-json\/wp\/v2\/tags?post=549"}],"curies":[{"name":"wp","href":"https:\/\/api.w.org\/{rel}","templated":true}]}}