{"id":554,"date":"2016-11-26T14:49:58","date_gmt":"2016-11-26T13:49:58","guid":{"rendered":"http:\/\/gruene-nks.de\/?p=554"},"modified":"2016-11-26T14:49:58","modified_gmt":"2016-11-26T13:49:58","slug":"ein-licht-fuer-jede-frau-25-11-16-int-tag-gegen-gewalt-an-frauen","status":"publish","type":"post","link":"https:\/\/gruene-nks.de\/index.php\/2016\/11\/26\/ein-licht-fuer-jede-frau-25-11-16-int-tag-gegen-gewalt-an-frauen\/","title":{"rendered":"Ein Licht f\u00fcr jede Frau &#8211; 25.11.16 &#8211; Int. Tag gegen Gewalt an Frauen"},"content":{"rendered":"<p>W\u00e4hrend der Internationale Tag gegen Gewalt an Frauen 2015 kaum Beachtung fand, gab es in diesem Jahr eine kreisweite Aktion gegen Gewalt an Frauen in allen St\u00e4dten und Gemeinden des Rhein-Sieg-Kreises.<\/p>\n<p>Mit unserer Aktion wollten auch wir darauf aufmerksam machen, dass Frauen mehr Schutz bei h\u00e4uslicher Gewalt bekommen m\u00fcssen und k\u00f6nnen.<\/p>\n<p>Professionelle Hilfe gibt es auch bei den Frauenberatungsstellen und Frauennotrufen. Die Adressen und weitere Informationen finden Sie unter <a href=\"http:\/\/www.frauen-gegen-gewalt.de\/\"><u>www.frauen-gegen-gewalt.de<\/u><\/a><\/p>\n<p>Astrid Normann, Ortsverbandssprecherin<\/p>\n","protected":false},"excerpt":{"rendered":"<p>W\u00e4hrend der Internationale Tag gegen Gewalt an Frauen 2015 kaum Beachtung fand, gab es in diesem Jahr eine kreisweite Aktion gegen Gewalt an Frauen in allen St\u00e4dten und Gemeinden des [&hellip;]<\/p>\n","protected":false},"author":-1,"featured_media":555,"comment_status":"open","ping_status":"open","sticky":false,"template":"","format":"standard","meta":{"footnotes":""},"categories":[1],"tags":[],"class_list":["post-554","post","type-post","status-publish","format-standard","has-post-thumbnail","hentry","category-allgemein"],"_links":{"self":[{"href":"https:\/\/gruene-nks.de\/index.php\/wp-json\/wp\/v2\/posts\/554","targetHints":{"allow":["GET"]}}],"collection":[{"href":"https:\/\/gruene-nks.de\/index.php\/wp-json\/wp\/v2\/posts"}],"about":[{"href":"https:\/\/gruene-nks.de\/index.php\/wp-json\/wp\/v2\/types\/post"}],"author":[{"embeddable":true,"href":"https:\/\/gruene-nks.de\/index.php\/wp-json\/wp\/v2\/users\/1"}],"replies":[{"embeddable":true,"href":"https:\/\/gruene-nks.de\/index.php\/wp-json\/wp\/v2\/comments?post=554"}],"version-history":[{"count":1,"href":"https:\/\/gruene-nks.de\/index.php\/wp-json\/wp\/v2\/posts\/554\/revisions"}],"predecessor-version":[{"id":556,"href":"https:\/\/gruene-nks.de\/index.php\/wp-json\/wp\/v2\/posts\/554\/revisions\/556"}],"wp:featuredmedia":[{"embeddable":true,"href":"https:\/\/gruene-nks.de\/index.php\/wp-json\/wp\/v2\/media\/555"}],"wp:attachment":[{"href":"https:\/\/gruene-nks.de\/index.php\/wp-json\/wp\/v2\/media?parent=554"}],"wp:term":[{"taxonomy":"category","embeddable":true,"href":"https:\/\/gruene-nks.de\/index.php\/wp-json\/wp\/v2\/categories?post=554"},{"taxonomy":"post_tag","embeddable":true,"href":"https:\/\/gruene-nks.de\/index.php\/wp-json\/wp\/v2\/tags?post=554"}],"curies":[{"name":"wp","href":"https:\/\/api.w.org\/{rel}","templated":true}]}}