{"id":572,"date":"2016-12-29T16:59:08","date_gmt":"2016-12-29T15:59:08","guid":{"rendered":"http:\/\/gruene-nks.de\/?p=572"},"modified":"2016-12-29T17:00:56","modified_gmt":"2016-12-29T16:00:56","slug":"jahreswechsel-ohne-boeller-2","status":"publish","type":"post","link":"https:\/\/gruene-nks.de\/index.php\/2016\/12\/29\/jahreswechsel-ohne-boeller-2\/","title":{"rendered":"Jahreswechsel ohne B\u00f6ller?"},"content":{"rendered":"<p>Unser Ordnungsamt informierte k\u00fcrzlich auf der Internetseite der Gemeinde dar\u00fcber, dass das\u00a0 Abbrennen pyrotechnischer Gegenst\u00e4nde in unmittelbarer N\u00e4he von Kirchen, Krankenh\u00e4usern, Kinder- und Altersheimen sowie Reet- und Fachwerkh\u00e4usern gesetzlich verboten sei. Dies gilt auch an Silvester!!!<\/p>\n<p>In fast jedem Ortsteil der Gemeinde Neunkirchen-Seelscheid befinden sich neben den vorgenannten Geb\u00e4uden auch noch andere leicht entflammbare Holzbauten, z.B. Scheunen oder St\u00e4lle, in deren N\u00e4he ebenfalls das Abbrennen von Feuerwerksk\u00f6rpern untersagt ist.<\/p>\n<p>In den Niederlanden wird das Silvesterfeuerwerk sogar immer \u00f6fter ganz verboten. Mindestens 56 der insgesamt 281 Gemeinden haben zu Silvester feuerwerksfreie Zonen eingerichtet. Selbst gr\u00f6\u00dfere St\u00e4dte wie Groningen, Amersfoort, Alkmaar und Dordrecht f\u00fchrten die Null-Knaller-Zonen ein.<\/p>\n<p>Auswertungen des Umweltbundesamtes zeigen au\u00dferdem: Am ersten Tag des neuen Jahres ist die Luftbelastung mit gesundheitsgef\u00e4hrdendem Feinstaub vielerorts so hoch wie sonst im ganzen Jahr nicht. PM10-Stundenwerte \u00fcber 1000 \u00b5g\/m<sup>3<\/sup> sind in der ersten Stunde des neuen Jahres in Gro\u00dfst\u00e4dten keine Ausnahme.<\/p>\n<p>Das Umweltbundesamt r\u00e4t deshalb, das pers\u00f6nliche Feuerwerk zumindest einzuschr\u00e4nken, wenn man zur Verminderung der Feinstaubbelastung in der Silvesternacht beitragen will.<\/p>\n<p>Auch der Deutsche Tierschutzbund appelliert nicht nur an die Besitzer von Heimtieren, das Abbrennen von Raketen und B\u00f6llern zu unterlassen. Viele Tiere reagieren auf die Knallerei zum Jahreswechsel mit Angst und Panik. Vor allem f\u00fcr Wildtiere kann das Spektakel um Mitternacht lebensgef\u00e4hrlich werden.<\/p>\n<p><strong>Bitte nehmen Sie R\u00fccksicht auf Tiere und Natur und ersparen Sie Ihnen das Feuerwerk.<\/strong><\/p>\n<p>In diesem Sinne: einen guten Rutsch und ein frohes und gesundes neues Jahr.<\/p>\n<p>Astrid Normann, Ortsverbandssprecherin<\/p>\n","protected":false},"excerpt":{"rendered":"<p>Unser Ordnungsamt informierte k\u00fcrzlich auf der Internetseite der Gemeinde dar\u00fcber, dass das\u00a0 Abbrennen pyrotechnischer Gegenst\u00e4nde in unmittelbarer N\u00e4he von Kirchen, Krankenh\u00e4usern, Kinder- und Altersheimen sowie Reet- und Fachwerkh\u00e4usern gesetzlich verboten [&hellip;]<\/p>\n","protected":false},"author":-1,"featured_media":573,"comment_status":"open","ping_status":"open","sticky":false,"template":"","format":"standard","meta":{"footnotes":""},"categories":[1],"tags":[],"class_list":["post-572","post","type-post","status-publish","format-standard","has-post-thumbnail","hentry","category-allgemein"],"_links":{"self":[{"href":"https:\/\/gruene-nks.de\/index.php\/wp-json\/wp\/v2\/posts\/572","targetHints":{"allow":["GET"]}}],"collection":[{"href":"https:\/\/gruene-nks.de\/index.php\/wp-json\/wp\/v2\/posts"}],"about":[{"href":"https:\/\/gruene-nks.de\/index.php\/wp-json\/wp\/v2\/types\/post"}],"author":[{"embeddable":true,"href":"https:\/\/gruene-nks.de\/index.php\/wp-json\/wp\/v2\/users\/1"}],"replies":[{"embeddable":true,"href":"https:\/\/gruene-nks.de\/index.php\/wp-json\/wp\/v2\/comments?post=572"}],"version-history":[{"count":3,"href":"https:\/\/gruene-nks.de\/index.php\/wp-json\/wp\/v2\/posts\/572\/revisions"}],"predecessor-version":[{"id":576,"href":"https:\/\/gruene-nks.de\/index.php\/wp-json\/wp\/v2\/posts\/572\/revisions\/576"}],"wp:featuredmedia":[{"embeddable":true,"href":"https:\/\/gruene-nks.de\/index.php\/wp-json\/wp\/v2\/media\/573"}],"wp:attachment":[{"href":"https:\/\/gruene-nks.de\/index.php\/wp-json\/wp\/v2\/media?parent=572"}],"wp:term":[{"taxonomy":"category","embeddable":true,"href":"https:\/\/gruene-nks.de\/index.php\/wp-json\/wp\/v2\/categories?post=572"},{"taxonomy":"post_tag","embeddable":true,"href":"https:\/\/gruene-nks.de\/index.php\/wp-json\/wp\/v2\/tags?post=572"}],"curies":[{"name":"wp","href":"https:\/\/api.w.org\/{rel}","templated":true}]}}