{"id":583,"date":"2017-01-10T17:53:09","date_gmt":"2017-01-10T16:53:09","guid":{"rendered":"http:\/\/gruene-nks.de\/?p=583"},"modified":"2017-01-10T17:53:09","modified_gmt":"2017-01-10T16:53:09","slug":"gruene-fuer-sicherheit-und-freiheit-silvester-in-koeln","status":"publish","type":"post","link":"https:\/\/gruene-nks.de\/index.php\/2017\/01\/10\/gruene-fuer-sicherheit-und-freiheit-silvester-in-koeln\/","title":{"rendered":"GR\u00dcNE f\u00fcr Sicherheit und Freiheit &#8211; Silvester in K\u00f6ln"},"content":{"rendered":"<p>Danke an die Einsatzkr\u00e4fte, die vielerorts daf\u00fcr sorgten, dass die Menschen unbeschwert Silvester feiern konnten.<\/p>\n<p>Dass die Menschen in K\u00f6ln in diesem Jahr friedlicher feiern konnten und sich die \u00dcbergriffe des letzten Jahres nicht wiederholten, ist auch der gut vorbereiteten Polizei zu verdanken. Es ist besorgniserregend, wenn dennoch verabredete Gruppen aggressiv auftreten. Es war richtig, hier schnell und pr\u00e4ventiv zu reagieren und die Sicherheit aller Menschen in K\u00f6ln zu gew\u00e4hrleisten.<\/p>\n<p>&nbsp;<\/p>\n<p><strong>\u201eWir k\u00e4mpfen f\u00fcr Sicherheit, weil es um unsere Freiheit geht\u201c<\/strong><\/p>\n<p><strong>\u00a0<\/strong><\/p>\n<p>Wie k\u00f6nnen wir in Zeiten vom allgegenw\u00e4rtigen Terror gleichzeitig f\u00fcr Freiheit und Sicherheit eintreten?<\/p>\n<p>Freiheit und Sicherheit sind keine Gegens\u00e4tze. Wir setzen uns vielmehr deshalb f\u00fcr ein H\u00f6chstma\u00df an Sicherheit ein, weil es uns um unsere Freiheit geht. Der Staat ist in der Pflicht, f\u00fcr m\u00f6glichst viel Sicherheit zu sorgen. Deshalb brauchen wir ausreichend Personal bei der Polizei und den entsprechenden Beh\u00f6rden, die eine gute Ausbildung und Ausstattung haben. Die Zusammenarbeit der Sicherheitsbeh\u00f6rden bei der Kriminalit\u00e4ts- und Terrorbek\u00e4mpfung muss funktionieren,\u00a0 weil Ma\u00dfnahmen oft \u00fcber L\u00e4ndergrenzen hinweg koordiniert werden m\u00fcssen. Wenig hilfreich ist es, wenn die Politik nach Anschl\u00e4gen oder anderen Formen der Kriminalit\u00e4t spontan Ma\u00dfnahmen fordert.<\/p>\n<p><strong>Erst analysieren, dann handeln. F\u00fcr diese Reihenfolge steht gr\u00fcne Sicherheitspolitik.<\/strong><\/p>\n<p>&nbsp;<\/p>\n<p>Ulrike Parsch<\/p>\n<p>Silke Kierspel<\/p>\n","protected":false},"excerpt":{"rendered":"<p>Danke an die Einsatzkr\u00e4fte, die vielerorts daf\u00fcr sorgten, dass die Menschen unbeschwert Silvester feiern konnten. Dass die Menschen in K\u00f6ln in diesem Jahr friedlicher feiern konnten und sich die \u00dcbergriffe [&hellip;]<\/p>\n","protected":false},"author":-1,"featured_media":0,"comment_status":"open","ping_status":"open","sticky":false,"template":"","format":"standard","meta":{"footnotes":""},"categories":[1],"tags":[],"class_list":["post-583","post","type-post","status-publish","format-standard","hentry","category-allgemein"],"_links":{"self":[{"href":"https:\/\/gruene-nks.de\/index.php\/wp-json\/wp\/v2\/posts\/583","targetHints":{"allow":["GET"]}}],"collection":[{"href":"https:\/\/gruene-nks.de\/index.php\/wp-json\/wp\/v2\/posts"}],"about":[{"href":"https:\/\/gruene-nks.de\/index.php\/wp-json\/wp\/v2\/types\/post"}],"author":[{"embeddable":true,"href":"https:\/\/gruene-nks.de\/index.php\/wp-json\/wp\/v2\/users\/1"}],"replies":[{"embeddable":true,"href":"https:\/\/gruene-nks.de\/index.php\/wp-json\/wp\/v2\/comments?post=583"}],"version-history":[{"count":1,"href":"https:\/\/gruene-nks.de\/index.php\/wp-json\/wp\/v2\/posts\/583\/revisions"}],"predecessor-version":[{"id":584,"href":"https:\/\/gruene-nks.de\/index.php\/wp-json\/wp\/v2\/posts\/583\/revisions\/584"}],"wp:attachment":[{"href":"https:\/\/gruene-nks.de\/index.php\/wp-json\/wp\/v2\/media?parent=583"}],"wp:term":[{"taxonomy":"category","embeddable":true,"href":"https:\/\/gruene-nks.de\/index.php\/wp-json\/wp\/v2\/categories?post=583"},{"taxonomy":"post_tag","embeddable":true,"href":"https:\/\/gruene-nks.de\/index.php\/wp-json\/wp\/v2\/tags?post=583"}],"curies":[{"name":"wp","href":"https:\/\/api.w.org\/{rel}","templated":true}]}}