{"id":590,"date":"2017-01-30T10:26:07","date_gmt":"2017-01-30T09:26:07","guid":{"rendered":"http:\/\/gruene-nks.de\/?p=590"},"modified":"2017-01-30T10:32:08","modified_gmt":"2017-01-30T09:32:08","slug":"wir-haben-2017-viel-vor-nicht-nur-politisch","status":"publish","type":"post","link":"https:\/\/gruene-nks.de\/index.php\/2017\/01\/30\/wir-haben-2017-viel-vor-nicht-nur-politisch\/","title":{"rendered":"Wir haben 2017 viel vor &#8211; nicht nur politisch"},"content":{"rendered":"<p>Der Jahresr\u00fcckblick 2016 scheint wenig Grund f\u00fcr Optimismus zu geben: Millionen Menschen mussten ihr Land verlassen und fliehen vor Hunger und Krieg. Die Briten stimmten f\u00fcr den Austritt ihres Landes aus der Europ\u00e4ischen Union. Die Vereinigten Staaten w\u00e4hlten Donald Trump ins Wei\u00dfe Haus, nachdem er im Wahlkampf Muslime, Mexikaner, Frauen und Behinderte beleidigt hat. Und in Deutschland und Europa sch\u00fcren Populisten Angst und Hass und spalten die Gesellschaft.<\/p>\n<p><strong><strong>Doch jetzt ist nicht die Zeit, den Kopf in den Sand zu stecken \u2013 im Gegenteil! <\/strong><\/strong><strong><strong>Jetzt ist die Zeit, nach vorne zu schauen, sich auf das Gute zu besinnen und zu verteidigen, was wir erreicht haben. <\/strong><\/strong><\/p>\n<p>Denn auch das gab es 2016: Das Klimaabkommen von Paris. Die Willkommenskultur tausender ehrenamtlicher Helferinnen und Helfer. Unz\u00e4hlige Menschen, die sich rechter Hetze entgegenstellten und f\u00fcr eine vielf\u00e4ltige Gesellschaft eintraten. Und die Wahl Alexander van der Bellen zum \u00f6sterreichischen Bundespr\u00e4sidenten, die beweist, dass wir dem Populismus etwas entgegenstellen k\u00f6nnen. Wir wollen 2017 darauf aufbauen und mit Mut und Elan den R\u00fcckw\u00e4rtsgewandten und Populisten entschlossen entgegentreten.<\/p>\n<p><strong>\u00a0<\/strong><strong>Wir GR\u00dcNE stehen<\/strong><\/p>\n<ul>\n<li>f\u00fcr Weltoffenheit, Respekt und Toleranz,<\/li>\n<li>f\u00fcr ein menschliches Miteinander,<\/li>\n<li>f\u00fcr \u00f6kologische Nachhaltigkeit, die unsere Natur erh\u00e4lt,<\/li>\n<li>f\u00fcr soziale Gerechtigkeit,<\/li>\n<li>f\u00fcr eine verantwortungsvolle, transparente und b\u00fcrgernahe Politik.<\/li>\n<\/ul>\n<p><strong><strong>\u00a0<\/strong><\/strong><strong><strong>Wir GR\u00dcNE k\u00e4mpfen<\/strong><\/strong><\/p>\n<ul>\n<li>f\u00fcr das Recht auf Entwicklung,<\/li>\n<li>f\u00fcr ein Ende von Hunger und Armut,<\/li>\n<li>f\u00fcr ein Ende von Folter und Diskriminierung,<\/li>\n<li>f\u00fcr ein Ende der Straflosigkeit bei schwersten Menschenrechtsverletzungen durch St\u00e4rkung des Internationalen Strafgerichtshofs und des V\u00f6lkerstrafrechts<\/li>\n<li>f\u00fcr ein Ende von ausbeuterischer Kinderarbeit.<\/li>\n<\/ul>\n<p>Wir machen uns au\u00dferdem f\u00fcr mehr Rechte der Menschen stark, die in ihrem Land ausgegrenzt, verfolgt oder gar umgebracht werden, sei es wegen<\/p>\n<ul>\n<li>ihrer sexuellen Identit\u00e4t,<\/li>\n<li>ihres Wunsches nach Selbstbestimmung,<\/li>\n<li>ihres Geschlechts,<\/li>\n<li>ihrer Religion,<\/li>\n<li>ihrer Ethnie oder<\/li>\n<li>weil sie politisch aktiv sind und z. B. die Menschenrechte verteidigen.<\/li>\n<\/ul>\n<p><strong>Wir haben viel vor und gute Ideen f\u00fcr die Zukunft unseres Landes! Diese wollen wir gemeinsam mit Ihnen nach vorne bringen und so eine lebenswerte Zukunft sichern.<\/strong><\/p>\n<p>Ulrike Parsch\u00a0\u00a0 und\u00a0\u00a0 Silke Kierspel<\/p>\n","protected":false},"excerpt":{"rendered":"<p>Der Jahresr\u00fcckblick 2016 scheint wenig Grund f\u00fcr Optimismus zu geben: Millionen Menschen mussten ihr Land verlassen und fliehen vor Hunger und Krieg. Die Briten stimmten f\u00fcr den Austritt ihres Landes [&hellip;]<\/p>\n","protected":false},"author":-1,"featured_media":0,"comment_status":"open","ping_status":"open","sticky":false,"template":"","format":"standard","meta":{"footnotes":""},"categories":[1],"tags":[],"class_list":["post-590","post","type-post","status-publish","format-standard","hentry","category-allgemein"],"_links":{"self":[{"href":"https:\/\/gruene-nks.de\/index.php\/wp-json\/wp\/v2\/posts\/590","targetHints":{"allow":["GET"]}}],"collection":[{"href":"https:\/\/gruene-nks.de\/index.php\/wp-json\/wp\/v2\/posts"}],"about":[{"href":"https:\/\/gruene-nks.de\/index.php\/wp-json\/wp\/v2\/types\/post"}],"author":[{"embeddable":true,"href":"https:\/\/gruene-nks.de\/index.php\/wp-json\/wp\/v2\/users\/1"}],"replies":[{"embeddable":true,"href":"https:\/\/gruene-nks.de\/index.php\/wp-json\/wp\/v2\/comments?post=590"}],"version-history":[{"count":6,"href":"https:\/\/gruene-nks.de\/index.php\/wp-json\/wp\/v2\/posts\/590\/revisions"}],"predecessor-version":[{"id":596,"href":"https:\/\/gruene-nks.de\/index.php\/wp-json\/wp\/v2\/posts\/590\/revisions\/596"}],"wp:attachment":[{"href":"https:\/\/gruene-nks.de\/index.php\/wp-json\/wp\/v2\/media?parent=590"}],"wp:term":[{"taxonomy":"category","embeddable":true,"href":"https:\/\/gruene-nks.de\/index.php\/wp-json\/wp\/v2\/categories?post=590"},{"taxonomy":"post_tag","embeddable":true,"href":"https:\/\/gruene-nks.de\/index.php\/wp-json\/wp\/v2\/tags?post=590"}],"curies":[{"name":"wp","href":"https:\/\/api.w.org\/{rel}","templated":true}]}}