{"id":598,"date":"2017-02-09T10:20:25","date_gmt":"2017-02-09T09:20:25","guid":{"rendered":"http:\/\/gruene-nks.de\/?p=598"},"modified":"2017-02-09T10:20:25","modified_gmt":"2017-02-09T09:20:25","slug":"zaehes-ringen-um-den-stellenplan-und-haushalt-2017","status":"publish","type":"post","link":"https:\/\/gruene-nks.de\/index.php\/2017\/02\/09\/zaehes-ringen-um-den-stellenplan-und-haushalt-2017\/","title":{"rendered":"Z\u00e4hes Ringen um den Stellenplan und Haushalt 2017"},"content":{"rendered":"<p>In der Ratssitzung am 26.01.2017\u00a0 dominierten die beiden Tagesordnungspunkte \u201eStellenplan 2017\u201c und \u201eHaushalt 2017 und Haushaltssanierungsplan 2012-2021\u201c das Geschehen.<\/p>\n<p>Vorab die gute Nachricht: Es wurde von allen Fraktionen einstimmig ein Haushalt 2017 beschlossen, der nun der Bezirksregierung K\u00f6ln zur Genehmigung vorgelegt wird.<\/p>\n<p>Weniger sch\u00f6n war das Benehmen zum Tagesordnungspunkt \u201eStellenplan 2017\u201c. Hier ging es inhaltlich um die Streichung einer mit \u201eA10\u201c bewerteten Stelle, die dem Aufgabenbereich der B\u00fcrgermeisterin unterstehen sollte.<\/p>\n<p>Diese Stelle wurde durch die Stimmen der CDU, FDP und des Vertreters der W\u00e4hlergruppe \u201eWir f\u00fcr Neunkirchen-Seelscheid\u201c gestrichen, obwohl die B\u00fcrgermeisterin Frau Sander, wie auch Frau Tenten-Groell als Leiterin \u201eAmt f\u00fcr Verwaltungsmanagement; Sachgebietsleitung Personalwesen\u201c mit Sachargumenten intensiv f\u00fcr den Erhalt der Stelle geworben haben.<\/p>\n<p>Auff\u00e4llig waren bei diesem Tagesordnungspunkt:<\/p>\n<ul>\n<li>dass sich beide anwesenden CDU Beigeordneten nicht mit einem Wort thematisch eingebracht haben! Also v\u00f6llig positionslos auftraten.<\/li>\n<li>dass gro\u00dfe Polemik und Schlagworte wie \u201ebitterlich entt\u00e4uscht\u201c; \u201everantwortungslos\u201c inkl. Zwischenrufen seitens der CDU, nachvollziehbare Sachargumente ersetzten, bzw. anreicherten.<\/li>\n<li>dass die Ratsmehrheit diese Stelle haupts\u00e4chlich gestrichen zu haben scheint, um die B\u00fcrgermeisterin in Ihrer Funktion als Verwaltungs-Oberhaupt zu schw\u00e4chen.<\/li>\n<\/ul>\n<p>Sollten Sie also zuk\u00fcnftig pers\u00f6nlich feststellen oder lesen, dass in der Gemeindeverwaltung lange Bearbeitungszeiten auftreten, die Verwaltung Anfragen und Ausarbeitungen nicht oder nur unzureichend nachkommt und bestehende freiwillige Leistungen nicht mehr wahrnehmen kann, dann halten Sie bitte diese Zeilen in Erinnerung.<\/p>\n<p><strong>Eine lebende Gemeinde ben\u00f6tigt eine starke Verwaltung!<\/strong><\/p>\n<p>In einer Gemeindeverwaltung, die keine Reserven mehr besitzt, erweisen wir uns mit Stellenstreichungen einen \u201eB\u00e4rendienst\u201c.<\/p>\n<p>In Zeiten wie diesen, wo \u201ealternative Fakten\u201c ein probates Mittel f\u00fcr verbale Auseinandersetzungen zu sein scheinen, ist es mehr als je n\u00f6tig, das Wohl der gesamten Gemeinde, also unser aller Wohl, im Auge zu halten.<\/p>\n<p>Silke Kierspel und Elmar Brox<\/p>\n","protected":false},"excerpt":{"rendered":"<p>In der Ratssitzung am 26.01.2017\u00a0 dominierten die beiden Tagesordnungspunkte \u201eStellenplan 2017\u201c und \u201eHaushalt 2017 und Haushaltssanierungsplan 2012-2021\u201c das Geschehen. Vorab die gute Nachricht: Es wurde von allen Fraktionen einstimmig ein [&hellip;]<\/p>\n","protected":false},"author":-1,"featured_media":0,"comment_status":"open","ping_status":"open","sticky":false,"template":"","format":"standard","meta":{"footnotes":""},"categories":[1],"tags":[],"class_list":["post-598","post","type-post","status-publish","format-standard","hentry","category-allgemein"],"_links":{"self":[{"href":"https:\/\/gruene-nks.de\/index.php\/wp-json\/wp\/v2\/posts\/598","targetHints":{"allow":["GET"]}}],"collection":[{"href":"https:\/\/gruene-nks.de\/index.php\/wp-json\/wp\/v2\/posts"}],"about":[{"href":"https:\/\/gruene-nks.de\/index.php\/wp-json\/wp\/v2\/types\/post"}],"author":[{"embeddable":true,"href":"https:\/\/gruene-nks.de\/index.php\/wp-json\/wp\/v2\/users\/1"}],"replies":[{"embeddable":true,"href":"https:\/\/gruene-nks.de\/index.php\/wp-json\/wp\/v2\/comments?post=598"}],"version-history":[{"count":1,"href":"https:\/\/gruene-nks.de\/index.php\/wp-json\/wp\/v2\/posts\/598\/revisions"}],"predecessor-version":[{"id":599,"href":"https:\/\/gruene-nks.de\/index.php\/wp-json\/wp\/v2\/posts\/598\/revisions\/599"}],"wp:attachment":[{"href":"https:\/\/gruene-nks.de\/index.php\/wp-json\/wp\/v2\/media?parent=598"}],"wp:term":[{"taxonomy":"category","embeddable":true,"href":"https:\/\/gruene-nks.de\/index.php\/wp-json\/wp\/v2\/categories?post=598"},{"taxonomy":"post_tag","embeddable":true,"href":"https:\/\/gruene-nks.de\/index.php\/wp-json\/wp\/v2\/tags?post=598"}],"curies":[{"name":"wp","href":"https:\/\/api.w.org\/{rel}","templated":true}]}}