{"id":606,"date":"2017-02-21T19:57:53","date_gmt":"2017-02-21T18:57:53","guid":{"rendered":"http:\/\/gruene-nks.de\/?p=606"},"modified":"2017-02-21T19:57:53","modified_gmt":"2017-02-21T18:57:53","slug":"fit-fuer-mehr-neues-bildungsangebot","status":"publish","type":"post","link":"https:\/\/gruene-nks.de\/index.php\/2017\/02\/21\/fit-fuer-mehr-neues-bildungsangebot\/","title":{"rendered":"\u201eFit f\u00fcr mehr!\u201c Neues Bildungsangebot"},"content":{"rendered":"<p>Die <strong><strong>Gr\u00fcnen<\/strong><\/strong> erweitern die Bildungschancen f\u00fcr junge Gefl\u00fcchtete.<\/p>\n<p>Neuzugewanderte, die \u00fcber 18 Jahre alt sind, waren bisher von einigen Angeboten der Qualifizierung f\u00fcr den Ausbildungs- und Arbeitsmarkt ausgeschlossen.<\/p>\n<p>Es ist von breitem, gesellschaftlichem Interesse, dass wir diese jungen Menschen auch bei ihrer beruflichen Integration nach Kr\u00e4ften unterst\u00fctzen. Mit dem neuen Angebot \u201aFit f\u00fcr mehr!\u2018 erhalten auch nicht mehr schulpflichtige Fl\u00fcchtlinge nun erstmals die Chance darauf, sich schulisch auf den Ausbildungs- und Arbeitsmarkt vorzubereiten.\u201c<\/p>\n<p>Das Angebot \u201eFit f\u00fcr mehr!\u201c soll unabh\u00e4ngig von der Schulpflicht und der Bleibeperspektive f\u00fcr 16- bis 25-j\u00e4hrige Neuzugewanderte zug\u00e4nglich sein. Sie k\u00f6nnen auch im laufenden Schuljahr in das Bildungsangebot eintreten und sich dort bis zu einem Jahr lang sprachlich, mathematisch, kulturell und politisch-gesellschaftlich f\u00fcr ihren weiteren Bildungsweg vorbereiten.<\/p>\n<p>Schulpflichtige junge Menschen haben damit die M\u00f6glichkeit, sich insgesamt drei Jahre lang durch den nachfolgenden Besuch der internationalen F\u00f6rderklassen sprachlich und hinsichtlich erster beruflicher Kenntnisse f\u00fcr Ausbildung und Arbeitsmarkt fit zu machen. Einen Hauptschulabschluss k\u00f6nnen sie dabei ebenfalls erwerben. \u00c4ltere Gefl\u00fcchtete bis zu 25 Jahre k\u00f6nnen sich im Programm \u201eFit f\u00fcr mehr!\u201c ebenfalls bis zu einem Jahr lang auf einen erfolgreicheren Einstieg in eine reale Ausbildung oder Erwerbst\u00e4tigkeit vorbereiten. Dazu k\u00f6nnen sie im Rahmen des weiteren Schulbesuchs in Verbindung mit Ma\u00dfnahmen der Arbeitsagentur auch einen Schulabschluss erwerben.<\/p>\n<p>Diese Ma\u00dfnahme k\u00f6nnen ab 1. Februar 2017 in Berufskollegs begonnen werden. Ministerin Sylvia L\u00f6hrmann: \u201eGemeinsam mit der deutlich erleichterten Aufnahme junger Gefl\u00fcchteter in Vorbereitungsklassen und Bildungsg\u00e4ngen der Weiterbildungskollegs ist damit ein wichtiger Schritt zur gelingenden Integration Gefl\u00fcchteter unternommen worden.\u201c<\/p>\n<p>Ulrike Parsch\u00a0\u00a0\u00a0\u00a0\u00a0\u00a0\u00a0\u00a0 Silke Kierspel<\/p>\n","protected":false},"excerpt":{"rendered":"<p>Die Gr\u00fcnen erweitern die Bildungschancen f\u00fcr junge Gefl\u00fcchtete. Neuzugewanderte, die \u00fcber 18 Jahre alt sind, waren bisher von einigen Angeboten der Qualifizierung f\u00fcr den Ausbildungs- und Arbeitsmarkt ausgeschlossen. Es ist [&hellip;]<\/p>\n","protected":false},"author":-1,"featured_media":0,"comment_status":"open","ping_status":"open","sticky":false,"template":"","format":"standard","meta":{"footnotes":""},"categories":[1],"tags":[],"class_list":["post-606","post","type-post","status-publish","format-standard","hentry","category-allgemein"],"_links":{"self":[{"href":"https:\/\/gruene-nks.de\/index.php\/wp-json\/wp\/v2\/posts\/606","targetHints":{"allow":["GET"]}}],"collection":[{"href":"https:\/\/gruene-nks.de\/index.php\/wp-json\/wp\/v2\/posts"}],"about":[{"href":"https:\/\/gruene-nks.de\/index.php\/wp-json\/wp\/v2\/types\/post"}],"author":[{"embeddable":true,"href":"https:\/\/gruene-nks.de\/index.php\/wp-json\/wp\/v2\/users\/1"}],"replies":[{"embeddable":true,"href":"https:\/\/gruene-nks.de\/index.php\/wp-json\/wp\/v2\/comments?post=606"}],"version-history":[{"count":2,"href":"https:\/\/gruene-nks.de\/index.php\/wp-json\/wp\/v2\/posts\/606\/revisions"}],"predecessor-version":[{"id":608,"href":"https:\/\/gruene-nks.de\/index.php\/wp-json\/wp\/v2\/posts\/606\/revisions\/608"}],"wp:attachment":[{"href":"https:\/\/gruene-nks.de\/index.php\/wp-json\/wp\/v2\/media?parent=606"}],"wp:term":[{"taxonomy":"category","embeddable":true,"href":"https:\/\/gruene-nks.de\/index.php\/wp-json\/wp\/v2\/categories?post=606"},{"taxonomy":"post_tag","embeddable":true,"href":"https:\/\/gruene-nks.de\/index.php\/wp-json\/wp\/v2\/tags?post=606"}],"curies":[{"name":"wp","href":"https:\/\/api.w.org\/{rel}","templated":true}]}}