{"id":614,"date":"2017-03-12T14:40:42","date_gmt":"2017-03-12T13:40:42","guid":{"rendered":"http:\/\/gruene-nks.de\/?p=614"},"modified":"2017-03-12T14:40:42","modified_gmt":"2017-03-12T13:40:42","slug":"buendnis-bunter-rhein-sieg-kreis","status":"publish","type":"post","link":"https:\/\/gruene-nks.de\/index.php\/2017\/03\/12\/buendnis-bunter-rhein-sieg-kreis\/","title":{"rendered":"B\u00fcndnis \u201eBunter Rhein-Sieg-Kreis\u201c"},"content":{"rendered":"<p>Am 04.03.2017 fand in Troisdorf am Rathaus eine Veranstaltung gegen den \u201eAfD\u201c-Parteitag statt.<\/p>\n<p>Initiiert wurde dieser Anti-\u201eAfD\u201c-Protest durch Robert Wendt und Werner Habegger (beide B\u00dcNDNIS 90\/DIE GR\u00dcNEN) und gemeinsam mit dem B\u00fcndnis \u201eBunter Rhein-Sieg-Kreis\u201c auf die Beine gestellt.<\/p>\n<p>Es gab ein B\u00fchnenprogramm und einige Redner*innen von Parteien, Organisationen und Gewerkschaft.<\/p>\n<p>F\u00fcr die Gr\u00fcnen sprach der Landtagsabgeordnete und Parlamentarische Staatssekret\u00e4r Horst Becker\u00a0 (siehe Foto), Kandidat unseres Wahlbezirks von B\u00fcndnis 90\/Die Gr\u00fcnen f\u00fcr die Landtagswahl 2017.<\/p>\n<p><strong>Es wurde gemeinsam ein deutliches Zeichen f\u00fcr ein weltoffenes, demokratisches, buntes und<\/strong> <strong>tolerantes Miteinander, nicht nur in Troisdorf und im Rhein-Sieg-Kreis, gesetzt. Weder Frieden noch Freiheit sind selbstverst\u00e4ndlich, deswegen m\u00fcssen wir Flagge zeigen. Die \u201eAfD\u201c propagiert Hass, Hetze und Angst und versucht das Fundament einer friedlichen und toleranten Gesellschaft zu untergraben. <\/strong><\/p>\n<p><strong>Wir stehen dagegen f\u00fcr eine offene und solidarische Gesellschaft auf dem Boden des Grundgesetzes.<\/strong><\/p>\n<p>Unterst\u00fctzt wurde die Veranstaltung von: SPD, B\u00fcndnis90\/Die Gr\u00fcnen, Die Linke, Piratenpartei, Die PARTEI, Jusos, Gr\u00fcne Jugend, DGB Bonn\/Rhein-Sieg, AWO Rhein-Sieg, Diakonisches Werk an Sieg und Rhein, SKM Rhein-Sieg, Presbyterium der evangelischen Friedenskirchengemeinde, Fl\u00fcchtlingsnetzwerk Lohmar, Aktionsb\u00fcndnis &#8222;Eitorf bleibt bunt&#8220;, Arbeitskreis f\u00fcr Antirassismus in Siegburg, Seelsorgeteam der katholischen Pfarreiengemeinschaft Troisdorf und der katholischen Kirchengemeinde St.Johannes, Fl\u00fcchtlingsinitiative der Katholischen Kirche in Troisdorf, Frauen helfen Frauen Troisdorf e.V. sowie der Kreiskatholikenrat Rhein-Sieg.<\/p>\n<p>Alle standen Seite an Seite bei der Veranstaltung \u201eBunter Rhein-Sieg-Kreis\u201c gegen die \u201eAfD\u201c.<\/p>\n<p>Und Applaus gab es nicht nur f\u00fcr die eigenen Redner*innen.<\/p>\n<p>Ulrike Parsch und Astrid Normann<\/p>\n","protected":false},"excerpt":{"rendered":"<p>Am 04.03.2017 fand in Troisdorf am Rathaus eine Veranstaltung gegen den \u201eAfD\u201c-Parteitag statt. Initiiert wurde dieser Anti-\u201eAfD\u201c-Protest durch Robert Wendt und Werner Habegger (beide B\u00dcNDNIS 90\/DIE GR\u00dcNEN) und gemeinsam mit [&hellip;]<\/p>\n","protected":false},"author":-1,"featured_media":615,"comment_status":"open","ping_status":"open","sticky":false,"template":"","format":"standard","meta":{"footnotes":""},"categories":[1],"tags":[],"class_list":["post-614","post","type-post","status-publish","format-standard","has-post-thumbnail","hentry","category-allgemein"],"_links":{"self":[{"href":"https:\/\/gruene-nks.de\/index.php\/wp-json\/wp\/v2\/posts\/614","targetHints":{"allow":["GET"]}}],"collection":[{"href":"https:\/\/gruene-nks.de\/index.php\/wp-json\/wp\/v2\/posts"}],"about":[{"href":"https:\/\/gruene-nks.de\/index.php\/wp-json\/wp\/v2\/types\/post"}],"author":[{"embeddable":true,"href":"https:\/\/gruene-nks.de\/index.php\/wp-json\/wp\/v2\/users\/1"}],"replies":[{"embeddable":true,"href":"https:\/\/gruene-nks.de\/index.php\/wp-json\/wp\/v2\/comments?post=614"}],"version-history":[{"count":1,"href":"https:\/\/gruene-nks.de\/index.php\/wp-json\/wp\/v2\/posts\/614\/revisions"}],"predecessor-version":[{"id":616,"href":"https:\/\/gruene-nks.de\/index.php\/wp-json\/wp\/v2\/posts\/614\/revisions\/616"}],"wp:featuredmedia":[{"embeddable":true,"href":"https:\/\/gruene-nks.de\/index.php\/wp-json\/wp\/v2\/media\/615"}],"wp:attachment":[{"href":"https:\/\/gruene-nks.de\/index.php\/wp-json\/wp\/v2\/media?parent=614"}],"wp:term":[{"taxonomy":"category","embeddable":true,"href":"https:\/\/gruene-nks.de\/index.php\/wp-json\/wp\/v2\/categories?post=614"},{"taxonomy":"post_tag","embeddable":true,"href":"https:\/\/gruene-nks.de\/index.php\/wp-json\/wp\/v2\/tags?post=614"}],"curies":[{"name":"wp","href":"https:\/\/api.w.org\/{rel}","templated":true}]}}