{"id":617,"date":"2017-03-12T14:50:08","date_gmt":"2017-03-12T13:50:08","guid":{"rendered":"http:\/\/gruene-nks.de\/?p=617"},"modified":"2017-03-12T14:50:08","modified_gmt":"2017-03-12T13:50:08","slug":"weltfrauentag-2017","status":"publish","type":"post","link":"https:\/\/gruene-nks.de\/index.php\/2017\/03\/12\/weltfrauentag-2017\/","title":{"rendered":"Weltfrauentag 2017"},"content":{"rendered":"<p><span style=\"color: #000000; font-family: Times New Roman;\">Der Wettergott ist sicher keine Frau &#8211; unsere Aktion zum Weltfrauentag wurde von ausgesprochen unangenehmem, nasskaltem Wetter begleitet. Trotzdem gab es viel positiven Zuspruch.<\/span><\/p>\n<p><span style=\"color: #000000; font-family: Times New Roman;\">Wir haben schon viele Gesetze, die Gleichberechtigung f\u00f6rdern, Wahlm\u00f6glichkeiten schaffen, Schw\u00e4chere sch\u00fctzen und Hilfen erm\u00f6glichen. Frauen sind gut gebildet und verdienen eigenes Geld. Diskriminierung ist gesetzlich verboten. Das haben die Frauen in diesem Land gemeinsam erreicht. Das wollen wir verteidigen. Gleichzeitig verdienen Frauen deutlich weniger als M\u00e4nner, sie fehlen in F\u00fchrungspositionen, sind Gewalt und Sexismus ausgesetzt.<\/span><\/p>\n<p><span style=\"color: #000000; font-family: Times New Roman;\">In allen Parlamenten sind Frauen unterrepr\u00e4sentiert, in den kommunalen Parlamenten sind sie nicht mal mit 25% vertreten, auch hier im Land! Deshalb fordern wir ein Parit\u00e4tsgesetz mit geschlechtergerechter Verteilung. \u00a0 <\/span><\/p>\n<p><span style=\"color: #000000; font-family: Times New Roman;\">Im Hinblick auf das von der AfD propagierte Frauenbild wollen wir nicht in eine Gesellschaft zur\u00fcck, in der gleiche Rechte und die H\u00e4lfte der Macht f\u00fcr Frauen nicht als Gerechtigkeit, sondern als Bedrohung gesehen wird! Uns GR\u00dcNEN wird immer klarer: die tats\u00e4chliche Gleichstellung wird eben nicht automatisch immer weiter voranschreiten, sie ist ein hartes und wichtiges Politikfeld. <\/span><\/p>\n<p><span style=\"color: #000000; font-family: Times New Roman;\">Wir m\u00fcssen weiter f\u00fcr die Rechte von Frauen und M\u00e4dchen streiten. <\/span><\/p>\n<p><span style=\"color: #000000; font-family: Times New Roman;\">Astrid Normann, Silke Kierspel und Ulrike Parsch<\/span><\/p>\n<p>&nbsp;<\/p>\n","protected":false},"excerpt":{"rendered":"<p>Der Wettergott ist sicher keine Frau &#8211; unsere Aktion zum Weltfrauentag wurde von ausgesprochen unangenehmem, nasskaltem Wetter begleitet. Trotzdem gab es viel positiven Zuspruch. Wir haben schon viele Gesetze, die [&hellip;]<\/p>\n","protected":false},"author":-1,"featured_media":618,"comment_status":"open","ping_status":"open","sticky":false,"template":"","format":"standard","meta":{"footnotes":""},"categories":[1],"tags":[],"class_list":["post-617","post","type-post","status-publish","format-standard","has-post-thumbnail","hentry","category-allgemein"],"_links":{"self":[{"href":"https:\/\/gruene-nks.de\/index.php\/wp-json\/wp\/v2\/posts\/617","targetHints":{"allow":["GET"]}}],"collection":[{"href":"https:\/\/gruene-nks.de\/index.php\/wp-json\/wp\/v2\/posts"}],"about":[{"href":"https:\/\/gruene-nks.de\/index.php\/wp-json\/wp\/v2\/types\/post"}],"author":[{"embeddable":true,"href":"https:\/\/gruene-nks.de\/index.php\/wp-json\/wp\/v2\/users\/1"}],"replies":[{"embeddable":true,"href":"https:\/\/gruene-nks.de\/index.php\/wp-json\/wp\/v2\/comments?post=617"}],"version-history":[{"count":1,"href":"https:\/\/gruene-nks.de\/index.php\/wp-json\/wp\/v2\/posts\/617\/revisions"}],"predecessor-version":[{"id":619,"href":"https:\/\/gruene-nks.de\/index.php\/wp-json\/wp\/v2\/posts\/617\/revisions\/619"}],"wp:featuredmedia":[{"embeddable":true,"href":"https:\/\/gruene-nks.de\/index.php\/wp-json\/wp\/v2\/media\/618"}],"wp:attachment":[{"href":"https:\/\/gruene-nks.de\/index.php\/wp-json\/wp\/v2\/media?parent=617"}],"wp:term":[{"taxonomy":"category","embeddable":true,"href":"https:\/\/gruene-nks.de\/index.php\/wp-json\/wp\/v2\/categories?post=617"},{"taxonomy":"post_tag","embeddable":true,"href":"https:\/\/gruene-nks.de\/index.php\/wp-json\/wp\/v2\/tags?post=617"}],"curies":[{"name":"wp","href":"https:\/\/api.w.org\/{rel}","templated":true}]}}